{"@context":"https:\/\/schema.org\/","@type":"CollectionPage","@id":"https:\/\/www.adares.cz\/bydleni\/#CollectionPage","headline":"Bydlen\u00ed Category","description":"","url":"https:\/\/www.adares.cz\/bydleni\/","hasPart":[{"@type":"Article","@id":"https:\/\/www.adares.cz\/nic-neni-ztracene\/","headline":"Nic nen\u00ed ztracen\u00e9","url":"https:\/\/www.adares.cz\/nic-neni-ztracene\/","datePublished":"2024-01-26","dateModified":"2024-02-27","mainEntityOfPage":"https:\/\/www.adares.cz\/nic-neni-ztracene\/","author":{"@type":"Person","@id":"https:\/\/www.adares.cz\/author\/#Person","name":"","url":"https:\/\/www.adares.cz\/author\/","identifier":1,"image":{"@type":"ImageObject","@id":"https:\/\/secure.gravatar.com\/avatar\/04053961f5a3d2af1f56d865c7fc774bb6a80b9754b2f4c57fa4f8cefa253bd4?s=96&d=mm&r=g","url":"https:\/\/secure.gravatar.com\/avatar\/04053961f5a3d2af1f56d865c7fc774bb6a80b9754b2f4c57fa4f8cefa253bd4?s=96&d=mm&r=g","height":96,"width":96}},"publisher":{"@type":"Organization","name":"adares.cz","logo":{"@type":"ImageObject","@id":"\/logo.png","url":"\/logo.png","width":600,"height":60}},"image":{"@type":"ImageObject","@id":"https:\/\/www.adares.cz\/wp-content\/uploads\/ppppppp_4.jpg","url":"https:\/\/www.adares.cz\/wp-content\/uploads\/ppppppp_4.jpg","height":0,"width":0},"keywords":null},{"@type":"Article","@id":"https:\/\/www.adares.cz\/podnikatele-nemaji-sve-jiste\/","headline":"Podnikatel\u00e9 nemaj\u00ed sv\u00e9 jist\u00e9","url":"https:\/\/www.adares.cz\/podnikatele-nemaji-sve-jiste\/","datePublished":"2022-11-16","dateModified":"2023-05-04","mainEntityOfPage":"https:\/\/www.adares.cz\/podnikatele-nemaji-sve-jiste\/","author":{"@type":"Person","@id":"https:\/\/www.adares.cz\/author\/#Person","name":"","url":"https:\/\/www.adares.cz\/author\/","identifier":1,"image":{"@type":"ImageObject","@id":"https:\/\/secure.gravatar.com\/avatar\/04053961f5a3d2af1f56d865c7fc774bb6a80b9754b2f4c57fa4f8cefa253bd4?s=96&d=mm&r=g","url":"https:\/\/secure.gravatar.com\/avatar\/04053961f5a3d2af1f56d865c7fc774bb6a80b9754b2f4c57fa4f8cefa253bd4?s=96&d=mm&r=g","height":96,"width":96}},"publisher":{"@type":"Organization","name":"adares.cz","logo":{"@type":"ImageObject","@id":"\/logo.png","url":"\/logo.png","width":600,"height":60}},"image":{"@type":"ImageObject","@id":"https:\/\/www.adares.cz\/wp-content\/uploads\/eura_3.jpg","url":"https:\/\/www.adares.cz\/wp-content\/uploads\/eura_3.jpg","height":0,"width":0},"keywords":null},{"@type":"Article","@id":"https:\/\/www.adares.cz\/vybavujeme-byt\/","headline":"Vybavujeme byt","url":"https:\/\/www.adares.cz\/vybavujeme-byt\/","datePublished":"2022-02-09","dateModified":"2023-05-04","mainEntityOfPage":"https:\/\/www.adares.cz\/vybavujeme-byt\/","author":{"@type":"Person","@id":"https:\/\/www.adares.cz\/author\/#Person","name":"","url":"https:\/\/www.adares.cz\/author\/","identifier":1,"image":{"@type":"ImageObject","@id":"https:\/\/secure.gravatar.com\/avatar\/04053961f5a3d2af1f56d865c7fc774bb6a80b9754b2f4c57fa4f8cefa253bd4?s=96&d=mm&r=g","url":"https:\/\/secure.gravatar.com\/avatar\/04053961f5a3d2af1f56d865c7fc774bb6a80b9754b2f4c57fa4f8cefa253bd4?s=96&d=mm&r=g","height":96,"width":96}},"publisher":{"@type":"Organization","name":"adares.cz","logo":{"@type":"ImageObject","@id":"\/logo.png","url":"\/logo.png","width":600,"height":60}},"image":{"@type":"ImageObject","@id":"https:\/\/www.adares.cz\/wp-content\/uploads\/living_room_sofa_at.jpg","url":"https:\/\/www.adares.cz\/wp-content\/uploads\/living_room_sofa_at.jpg","height":0,"width":0},"keywords":null},{"@type":"Article","@id":"https:\/\/www.adares.cz\/jsou-levne\/","headline":"Jsou levn\u00e9","url":"https:\/\/www.adares.cz\/jsou-levne\/","datePublished":"2021-09-19","dateModified":"2023-05-04","mainEntityOfPage":"https:\/\/www.adares.cz\/jsou-levne\/","author":{"@type":"Person","@id":"https:\/\/www.adares.cz\/author\/#Person","name":"","url":"https:\/\/www.adares.cz\/author\/","identifier":1,"image":{"@type":"ImageObject","@id":"https:\/\/secure.gravatar.com\/avatar\/04053961f5a3d2af1f56d865c7fc774bb6a80b9754b2f4c57fa4f8cefa253bd4?s=96&d=mm&r=g","url":"https:\/\/secure.gravatar.com\/avatar\/04053961f5a3d2af1f56d865c7fc774bb6a80b9754b2f4c57fa4f8cefa253bd4?s=96&d=mm&r=g","height":96,"width":96}},"publisher":{"@type":"Organization","name":"adares.cz","logo":{"@type":"ImageObject","@id":"\/logo.png","url":"\/logo.png","width":600,"height":60}},"image":{"@type":"ImageObject","@id":"https:\/\/www.adares.cz\/wp-content\/uploads\/Chaloupka.png","url":"https:\/\/www.adares.cz\/wp-content\/uploads\/Chaloupka.png","height":0,"width":0},"keywords":null},{"@type":"Article","@id":"https:\/\/www.adares.cz\/proc-mit-designera\/","headline":"Pro\u010d m\u00edt design\u00e9ra?","url":"https:\/\/www.adares.cz\/proc-mit-designera\/","datePublished":"2021-08-24","dateModified":"2023-05-04","mainEntityOfPage":"https:\/\/www.adares.cz\/proc-mit-designera\/","author":{"@type":"Person","@id":"https:\/\/www.adares.cz\/author\/#Person","name":"","url":"https:\/\/www.adares.cz\/author\/","identifier":1,"image":{"@type":"ImageObject","@id":"https:\/\/secure.gravatar.com\/avatar\/04053961f5a3d2af1f56d865c7fc774bb6a80b9754b2f4c57fa4f8cefa253bd4?s=96&d=mm&r=g","url":"https:\/\/secure.gravatar.com\/avatar\/04053961f5a3d2af1f56d865c7fc774bb6a80b9754b2f4c57fa4f8cefa253bd4?s=96&d=mm&r=g","height":96,"width":96}},"publisher":{"@type":"Organization","name":"adares.cz","logo":{"@type":"ImageObject","@id":"\/logo.png","url":"\/logo.png","width":600,"height":60}},"image":{"@type":"ImageObject","@id":"https:\/\/www.adares.cz\/wp-content\/uploads\/interior-2685521_1920_3.jpg","url":"https:\/\/www.adares.cz\/wp-content\/uploads\/interior-2685521_1920_3.jpg","height":0,"width":0},"keywords":null},{"@type":"Article","@id":"https:\/\/www.adares.cz\/nemate-na-vlastni-dum-poridte-si-mobilheim\/","headline":"Nem\u00e1te na vlastn\u00ed d\u016fm? Po\u0159i\u010fte si mobilheim!","url":"https:\/\/www.adares.cz\/nemate-na-vlastni-dum-poridte-si-mobilheim\/","datePublished":"2020-11-15","dateModified":"2023-05-04","mainEntityOfPage":"https:\/\/www.adares.cz\/nemate-na-vlastni-dum-poridte-si-mobilheim\/","author":{"@type":"Person","@id":"https:\/\/www.adares.cz\/author\/#Person","name":"","url":"https:\/\/www.adares.cz\/author\/","identifier":1,"image":{"@type":"ImageObject","@id":"https:\/\/secure.gravatar.com\/avatar\/04053961f5a3d2af1f56d865c7fc774bb6a80b9754b2f4c57fa4f8cefa253bd4?s=96&d=mm&r=g","url":"https:\/\/secure.gravatar.com\/avatar\/04053961f5a3d2af1f56d865c7fc774bb6a80b9754b2f4c57fa4f8cefa253bd4?s=96&d=mm&r=g","height":96,"width":96}},"publisher":{"@type":"Organization","name":"adares.cz","logo":{"@type":"ImageObject","@id":"\/logo.png","url":"\/logo.png","width":600,"height":60}},"image":{"@type":"ImageObject","@id":"https:\/\/www.adares.cz\/wp-content\/uploads\/hut-1267670_1920.jpg","url":"https:\/\/www.adares.cz\/wp-content\/uploads\/hut-1267670_1920.jpg","height":0,"width":0},"keywords":null},{"@type":"Article","@id":"https:\/\/www.adares.cz\/barvy-v-interieru-jsou-zaklad-ktery-se-musi-velmi-peclive-vybirat\/","headline":"Barvy v interi\u00e9ru jsou z\u00e1klad, kter\u00fd se mus\u00ed velmi pe\u010dliv\u011b vyb\u00edrat","url":"https:\/\/www.adares.cz\/barvy-v-interieru-jsou-zaklad-ktery-se-musi-velmi-peclive-vybirat\/","datePublished":"2020-10-04","dateModified":"2023-05-04","mainEntityOfPage":"https:\/\/www.adares.cz\/barvy-v-interieru-jsou-zaklad-ktery-se-musi-velmi-peclive-vybirat\/","author":{"@type":"Person","@id":"https:\/\/www.adares.cz\/author\/#Person","name":"","url":"https:\/\/www.adares.cz\/author\/","identifier":1,"image":{"@type":"ImageObject","@id":"https:\/\/secure.gravatar.com\/avatar\/04053961f5a3d2af1f56d865c7fc774bb6a80b9754b2f4c57fa4f8cefa253bd4?s=96&d=mm&r=g","url":"https:\/\/secure.gravatar.com\/avatar\/04053961f5a3d2af1f56d865c7fc774bb6a80b9754b2f4c57fa4f8cefa253bd4?s=96&d=mm&r=g","height":96,"width":96}},"publisher":{"@type":"Organization","name":"adares.cz","logo":{"@type":"ImageObject","@id":"\/logo.png","url":"\/logo.png","width":600,"height":60}},"image":null,"keywords":null},{"@type":"Article","@id":"https:\/\/www.adares.cz\/mlok-mnoha-funkci\/","headline":"Mlok mnoha funkc\u00ed","url":"https:\/\/www.adares.cz\/mlok-mnoha-funkci\/","datePublished":"2020-09-26","dateModified":"2023-05-04","mainEntityOfPage":"https:\/\/www.adares.cz\/mlok-mnoha-funkci\/","author":{"@type":"Person","@id":"https:\/\/www.adares.cz\/author\/#Person","name":"","url":"https:\/\/www.adares.cz\/author\/","identifier":1,"image":{"@type":"ImageObject","@id":"https:\/\/secure.gravatar.com\/avatar\/04053961f5a3d2af1f56d865c7fc774bb6a80b9754b2f4c57fa4f8cefa253bd4?s=96&d=mm&r=g","url":"https:\/\/secure.gravatar.com\/avatar\/04053961f5a3d2af1f56d865c7fc774bb6a80b9754b2f4c57fa4f8cefa253bd4?s=96&d=mm&r=g","height":96,"width":96}},"publisher":{"@type":"Organization","name":"adares.cz","logo":{"@type":"ImageObject","@id":"\/logo.png","url":"\/logo.png","width":600,"height":60}},"image":{"@type":"ImageObject","@id":"https:\/\/www.adares.cz\/wp-content\/uploads\/img_a311093_w2442_t1522051520.jpg","url":"https:\/\/www.adares.cz\/wp-content\/uploads\/img_a311093_w2442_t1522051520.jpg","height":0,"width":0},"keywords":null},{"@type":"Article","@id":"https:\/\/www.adares.cz\/vyuziti-a-funkce-solarni-plachty\/","headline":"Vyu\u017eit\u00ed a funkce sol\u00e1rn\u00ed plachty","url":"https:\/\/www.adares.cz\/vyuziti-a-funkce-solarni-plachty\/","datePublished":"2020-09-22","dateModified":"2023-05-04","mainEntityOfPage":"https:\/\/www.adares.cz\/vyuziti-a-funkce-solarni-plachty\/","author":{"@type":"Person","@id":"https:\/\/www.adares.cz\/author\/#Person","name":"","url":"https:\/\/www.adares.cz\/author\/","identifier":1,"image":{"@type":"ImageObject","@id":"https:\/\/secure.gravatar.com\/avatar\/04053961f5a3d2af1f56d865c7fc774bb6a80b9754b2f4c57fa4f8cefa253bd4?s=96&d=mm&r=g","url":"https:\/\/secure.gravatar.com\/avatar\/04053961f5a3d2af1f56d865c7fc774bb6a80b9754b2f4c57fa4f8cefa253bd4?s=96&d=mm&r=g","height":96,"width":96}},"publisher":{"@type":"Organization","name":"adares.cz","logo":{"@type":"ImageObject","@id":"\/logo.png","url":"\/logo.png","width":600,"height":60}},"image":{"@type":"ImageObject","@id":"https:\/\/www.adares.cz\/wp-content\/uploads\/img_a306701_w2424_t1517936909.jpg","url":"https:\/\/www.adares.cz\/wp-content\/uploads\/img_a306701_w2424_t1517936909.jpg","height":0,"width":0},"keywords":null},{"@type":"Article","@id":"https:\/\/www.adares.cz\/co-musite-udelat-pred-chovem-exotickeho-zvirete\/","headline":"Co mus\u00edte ud\u011blat p\u0159ed chovem exotick\u00e9ho zv\u00ed\u0159ete?","url":"https:\/\/www.adares.cz\/co-musite-udelat-pred-chovem-exotickeho-zvirete\/","datePublished":"2020-09-07","dateModified":"2023-05-04","mainEntityOfPage":"https:\/\/www.adares.cz\/co-musite-udelat-pred-chovem-exotickeho-zvirete\/","author":{"@type":"Person","@id":"https:\/\/www.adares.cz\/author\/#Person","name":"","url":"https:\/\/www.adares.cz\/author\/","identifier":1,"image":{"@type":"ImageObject","@id":"https:\/\/secure.gravatar.com\/avatar\/04053961f5a3d2af1f56d865c7fc774bb6a80b9754b2f4c57fa4f8cefa253bd4?s=96&d=mm&r=g","url":"https:\/\/secure.gravatar.com\/avatar\/04053961f5a3d2af1f56d865c7fc774bb6a80b9754b2f4c57fa4f8cefa253bd4?s=96&d=mm&r=g","height":96,"width":96}},"publisher":{"@type":"Organization","name":"adares.cz","logo":{"@type":"ImageObject","@id":"\/logo.png","url":"\/logo.png","width":600,"height":60}},"image":null,"keywords":null}]}