{"@context":"https:\/\/schema.org\/","@type":"CollectionPage","@id":"https:\/\/www.adares.cz\/dovolena\/#CollectionPage","headline":"Dovolen\u00e1 Category","description":"","url":"https:\/\/www.adares.cz\/dovolena\/","hasPart":[{"@type":"Article","@id":"https:\/\/www.adares.cz\/pokoj-na-hotelu-priserny-co-mam-delat\/","headline":"Pokoj na hotelu p\u0159\u00ed\u0161ern\u00fd. Co m\u00e1m d\u011blat?","url":"https:\/\/www.adares.cz\/pokoj-na-hotelu-priserny-co-mam-delat\/","datePublished":"2022-08-17","dateModified":"2023-05-04","mainEntityOfPage":"https:\/\/www.adares.cz\/pokoj-na-hotelu-priserny-co-mam-delat\/","author":{"@type":"Person","@id":"https:\/\/www.adares.cz\/author\/#Person","name":"","url":"https:\/\/www.adares.cz\/author\/","identifier":1,"image":{"@type":"ImageObject","@id":"https:\/\/secure.gravatar.com\/avatar\/04053961f5a3d2af1f56d865c7fc774bb6a80b9754b2f4c57fa4f8cefa253bd4?s=96&d=mm&r=g","url":"https:\/\/secure.gravatar.com\/avatar\/04053961f5a3d2af1f56d865c7fc774bb6a80b9754b2f4c57fa4f8cefa253bd4?s=96&d=mm&r=g","height":96,"width":96}},"publisher":{"@type":"Organization","name":"adares.cz","logo":{"@type":"ImageObject","@id":"\/logo.png","url":"\/logo.png","width":600,"height":60}},"image":{"@type":"ImageObject","@id":"https:\/\/www.adares.cz\/wp-content\/uploads\/building-g84a2e3f62_640.jpg","url":"https:\/\/www.adares.cz\/wp-content\/uploads\/building-g84a2e3f62_640.jpg","height":0,"width":0},"keywords":null},{"@type":"Article","@id":"https:\/\/www.adares.cz\/vzdy-pripraven\/","headline":"V\u017edy p\u0159ipraven","url":"https:\/\/www.adares.cz\/vzdy-pripraven\/","datePublished":"2022-03-22","dateModified":"2023-05-04","mainEntityOfPage":"https:\/\/www.adares.cz\/vzdy-pripraven\/","author":{"@type":"Person","@id":"https:\/\/www.adares.cz\/author\/#Person","name":"","url":"https:\/\/www.adares.cz\/author\/","identifier":1,"image":{"@type":"ImageObject","@id":"https:\/\/secure.gravatar.com\/avatar\/04053961f5a3d2af1f56d865c7fc774bb6a80b9754b2f4c57fa4f8cefa253bd4?s=96&d=mm&r=g","url":"https:\/\/secure.gravatar.com\/avatar\/04053961f5a3d2af1f56d865c7fc774bb6a80b9754b2f4c57fa4f8cefa253bd4?s=96&d=mm&r=g","height":96,"width":96}},"publisher":{"@type":"Organization","name":"adares.cz","logo":{"@type":"ImageObject","@id":"\/logo.png","url":"\/logo.png","width":600,"height":60}},"image":{"@type":"ImageObject","@id":"https:\/\/www.adares.cz\/wp-content\/uploads\/mo%C5%99e_900x490.jpg","url":"https:\/\/www.adares.cz\/wp-content\/uploads\/mo%C5%99e_900x490.jpg","height":0,"width":0},"keywords":null},{"@type":"Article","@id":"https:\/\/www.adares.cz\/v-srdci-stredozemniho-more-sardinie\/","headline":"V srdci St\u0159edozemn\u00edho mo\u0159e \u2013 Sardinie","url":"https:\/\/www.adares.cz\/v-srdci-stredozemniho-more-sardinie\/","datePublished":"2020-09-20","dateModified":"2020-09-20","mainEntityOfPage":"https:\/\/www.adares.cz\/v-srdci-stredozemniho-more-sardinie\/","author":{"@type":"Person","@id":"https:\/\/www.adares.cz\/author\/#Person","name":"","url":"https:\/\/www.adares.cz\/author\/","identifier":1,"image":{"@type":"ImageObject","@id":"https:\/\/secure.gravatar.com\/avatar\/04053961f5a3d2af1f56d865c7fc774bb6a80b9754b2f4c57fa4f8cefa253bd4?s=96&d=mm&r=g","url":"https:\/\/secure.gravatar.com\/avatar\/04053961f5a3d2af1f56d865c7fc774bb6a80b9754b2f4c57fa4f8cefa253bd4?s=96&d=mm&r=g","height":96,"width":96}},"publisher":{"@type":"Organization","name":"adares.cz","logo":{"@type":"ImageObject","@id":"\/logo.png","url":"\/logo.png","width":600,"height":60}},"image":{"@type":"ImageObject","@id":"https:\/\/www.adares.cz\/wp-content\/uploads\/img_a301293_w2299_t1511358184.jpg","url":"https:\/\/www.adares.cz\/wp-content\/uploads\/img_a301293_w2299_t1511358184.jpg","height":0,"width":0},"keywords":null}]}