[{"@context":"https:\/\/schema.org\/","@type":"Article","@id":"https:\/\/www.adares.cz\/hovory-o-politice\/#Article","mainEntityOfPage":"https:\/\/www.adares.cz\/hovory-o-politice\/","headline":"Hovory o politice","name":"Hovory o politice","description":"N\u011bkdy si mnoho lid\u00ed \u0159\u00edk\u00e1, \u017ee politika je super. Jenom\u017ee kdy\u017e jsem takhle p\u0159edt\u00edm p\u0159em\u00fd\u0161lela, tak jsem si \u0159\u00edkala, \u017ee vlastn\u011b kdyby se lid\u00e9 nezaj\u00edmali","datePublished":"2024-07-24","dateModified":"2024-07-24","author":{"@type":"Person","@id":"https:\/\/www.adares.cz\/author\/#Person","name":"","url":"https:\/\/www.adares.cz\/author\/","identifier":1,"image":{"@type":"ImageObject","@id":"https:\/\/secure.gravatar.com\/avatar\/04053961f5a3d2af1f56d865c7fc774bb6a80b9754b2f4c57fa4f8cefa253bd4?s=96&d=mm&r=g","url":"https:\/\/secure.gravatar.com\/avatar\/04053961f5a3d2af1f56d865c7fc774bb6a80b9754b2f4c57fa4f8cefa253bd4?s=96&d=mm&r=g","height":96,"width":96}},"publisher":{"@type":"Organization","name":"adares.cz","logo":{"@type":"ImageObject","@id":"\/logo.png","url":"\/logo.png","width":600,"height":60}},"image":{"@type":"ImageObject","@id":"https:\/\/www.adares.cz\/wp-content\/uploads\/businessman-3446137_960_720.jpg","url":"https:\/\/www.adares.cz\/wp-content\/uploads\/businessman-3446137_960_720.jpg","height":0,"width":0},"url":"https:\/\/www.adares.cz\/hovory-o-politice\/","about":["Politika"],"wordCount":443,"articleBody":"N\u011bkdy si mnoho lid\u00ed \u0159\u00edk\u00e1, \u017ee politika je super. Jenom\u017ee kdy\u017e jsem takhle p\u0159edt\u00edm p\u0159em\u00fd\u0161lela, tak jsem si \u0159\u00edkala, \u017ee vlastn\u011b kdyby se lid\u00e9 nezaj\u00edmali v\u016fbec o politiku, tak by asi v\u0161ude byl klid. Zn\u00e1m toti\u017e n\u011bkter\u00e9 lidi, kte\u0159\u00ed se kv\u016fli politice jenom h\u00e1daj\u00ed a j\u00e1 si mysl\u00edm, \u017ee h\u00e1dky kv\u016fli politice jsou opravdu hodn\u011b smutn\u00e9. H\u00e1dky kv\u016fli politice by nem\u011bly b\u00fdt. A\u00a0to u\u017e ne h\u00e1dky hlavn\u011b v rodin\u011b, proto\u017ee kdy\u017e se lid\u00e9 doma v rodin\u011b h\u00e1daj\u00ed jenom kv\u016fli politice, tak to znamen\u00e1, \u017ee u\u017e je n\u011bco \u0161patn\u011b. Nap\u0159\u00edklad j\u00e1, kdybych m\u011bla doma n\u011bjak\u00e9 rodinn\u00e9 probl\u00e9my a h\u00e1dali bychom se\u00a0jenom kv\u016fli politice, tak bych z toho byla opravdu hodn\u011b ne\u0161\u0165astn\u00e1.V\u016fbec bych nech\u00e1pala, jak se t\u0159eba rodina m\u016f\u017ee rozh\u00e1dat. Jenom kv\u016fli politice! Jenom\u017ee n\u011bkdy u\u017e to tak je dan\u00e9. A zn\u00e1m n\u011bkter\u00e9 lidi, kte\u0159\u00ed se dokonce roze\u0161li nebo rozvedli, a to jenom kv\u016fli politice anebo dokonce tak\u00e9 se v rodin\u011b n\u011bkdo poh\u00e1dal a t\u0159eba n\u011bkolik let se v\u016fbec spolu nebavili. A to hlavn\u011b kv\u016fli tomu, \u017ee t\u0159eba n\u011bkdo vyzn\u00e1val \u00fapln\u011b jinou politickou stranu ne\u017e ten druh\u00fd\u00a0\u010dlov\u011bk. Ten druh\u00fd\u00a0\u010dlov\u011bk vyzn\u00e1val \u00fapln\u011b jinou politickou stranu ne\u017e ten prvn\u00ed\u00a0\u010dlov\u011bk. Tak\u017ee potom to dopadlo tak, \u017ee lid\u00e9 se mezi sebou h\u00e1dali a potom t\u0159eba nejhor\u0161\u00ed je, kdy\u017e se takhle lid\u00e9 h\u00e1daj\u00ed doma\u00a0v rodin\u011b. To znamen\u00e1, \u017ee potom v rodin\u011b se n\u011bkte\u0159\u00ed lid\u00e9 mezi sebou ani nemohou bavit anebo je to nebav\u00ed. Anebo si mysl\u00ed, \u017ee u\u017e je nic lep\u0161\u00edho v \u017eivot\u011b nepotkaj\u00ed.\u00a0Jenom\u017ee mysl\u00edte si, \u017ee tohle je dob\u0159e, \u017ee takhle h\u00e1dat se kv\u016fli politice, \u017ee je to ide\u00e1ln\u00ed? \u017de na tom nen\u00ed v\u016fbec\u00a0nic \u0161patn\u00e9ho? Je to \u0161patn\u00e9!\u00a0V\u011b\u0159te, \u017ee kdybych tohle m\u011bla m\u00edt j\u00e1, tak bych z toho byla opravdu hodn\u011b ne\u0161\u0165astn\u00e1 a rozhodn\u011b bych n\u011bkomu \u0159ekla, \u017ee bych se necht\u011bla s nik\u00fdm h\u00e1dat\u00a0jenom kv\u016fli tomu, kdo vyzn\u00e1v\u00e1, jakou politickou stranu. Proto jsem r\u00e1da, \u017ee u n\u00e1s doma u\u017e se v rodin\u011b nikdo neanga\u017euje do politiky a \u017ee ani u j\u00eddla se o politice v\u016fbec nebav\u00edme. Ov\u0161em je\u0161t\u011b p\u0159ed p\u011bti\u00a0lety tohle bylo naprosto norm\u00e1ln\u00ed, \u017ee jsme se doma bavili o politice i u\u00a0j\u00eddla.\u00a0                                                                                                                                                                                                                                                                                                                                                                                                "},{"@context":"https:\/\/schema.org\/","@type":"BreadcrumbList","itemListElement":[{"@type":"ListItem","position":1,"name":"Hovory o politice","item":"https:\/\/www.adares.cz\/hovory-o-politice\/#breadcrumbitem"}]}]