[{"@context":"https:\/\/schema.org\/","@type":"Article","@id":"https:\/\/www.adares.cz\/moc-si-preji-auto\/#Article","mainEntityOfPage":"https:\/\/www.adares.cz\/moc-si-preji-auto\/","headline":"Moc si p\u0159eji auto","name":"Moc si p\u0159eji auto","description":"M\u00e1te vlastn\u00ed automobil? J\u00e1 ne a v\u017edycky jsem si ho p\u0159\u00e1la. A taky \u017ee jsem ho, ale potom m\u011bla. M\u011bla jsem kr\u00e1sn\u00e9 mal\u00e9 modr\u00e9 auto,","datePublished":"2022-02-13","dateModified":"2023-05-04","author":{"@type":"Person","@id":"https:\/\/www.adares.cz\/author\/#Person","name":"","url":"https:\/\/www.adares.cz\/author\/","identifier":1,"image":{"@type":"ImageObject","@id":"https:\/\/secure.gravatar.com\/avatar\/04053961f5a3d2af1f56d865c7fc774bb6a80b9754b2f4c57fa4f8cefa253bd4?s=96&d=mm&r=g","url":"https:\/\/secure.gravatar.com\/avatar\/04053961f5a3d2af1f56d865c7fc774bb6a80b9754b2f4c57fa4f8cefa253bd4?s=96&d=mm&r=g","height":96,"width":96}},"publisher":{"@type":"Organization","name":"adares.cz","logo":{"@type":"ImageObject","@id":"\/logo.png","url":"\/logo.png","width":600,"height":60}},"image":{"@type":"ImageObject","@id":"https:\/\/www.adares.cz\/wp-content\/uploads\/volcano-1413283_640.jpg","url":"https:\/\/www.adares.cz\/wp-content\/uploads\/volcano-1413283_640.jpg","height":0,"width":0},"url":"https:\/\/www.adares.cz\/moc-si-preji-auto\/","about":["Moto"],"wordCount":423,"articleBody":"M\u00e1te vlastn\u00ed automobil? J\u00e1 ne a v\u017edycky jsem si ho p\u0159\u00e1la. A taky \u017ee jsem ho, ale potom m\u011bla. M\u011bla jsem kr\u00e1sn\u00e9 mal\u00e9 modr\u00e9 auto, kter\u00e9 mi ov\u0161em sta\u010dilo. Bydl\u00edm na vesnici, tak\u017ee jsem si p\u0159\u00e1la m\u00edt pr\u00e1v\u011b auto kv\u016fli praktick\u00fdm v\u011bcem. Automobily pr\u00e1v\u011b moc\u00a0praktick\u00e9\u00a0jsou, i kdy\u017e v posledn\u00ed je ta prakti\u010dnost\u00a0velmi\u00a0drah\u00e1, ale co bych si bez n\u011bj po\u010dala. Kdybych musela jezdit na n\u011bjak\u00e9 velk\u00e9 n\u00e1kupy pr\u00e1v\u011b jenom autobusem anebo na kole. No, dok\u00e1\u017eete si p\u0159edstavit, kdybych jezdila na n\u011bjak\u00e9 velk\u00e9 n\u00e1kupy na kole? M\u00e1m taky velk\u00e9ho psa a ko\u010dku. Tak si jist\u011b dok\u00e1\u017eete p\u0159edstavit, jak by to vypadalo, kdybych na kole t\u00e1hla n\u011bjak\u00e9 deseti kilov\u00e9 granule pro psa a dvoukilov\u00e9 granule pro ko\u010dku, tak\u017ee v tomto p\u0159\u00edpad\u011b se auto velmi hod\u00ed.Taky jsem nev\u011bd\u011bla, jak bych si vozila t\u0159eba n\u011bjak\u00e9 t\u011b\u017ek\u00e9 prac\u00ed pr\u00e1\u0161ky nebo aviv\u00e1\u017ee a takov\u00e9 dal\u0161\u00ed t\u011b\u017ek\u00e9, ale nutn\u00e9 v\u011bci. Bylo to opravdu slo\u017eit\u00e9. A byla jsem pro to r\u00e1da, \u017ee m\u00e1m vlastn\u00ed automobil, jen\u017ee jednoho dne mi ho n\u011bkdo ukradl. Nev\u00edm, \u010d\u00ed to byla chyba, proto\u017ee s man\u017eelem jsme jeli z v\u00fdletu, auto jsme nechali p\u0159ed bar\u00e1kem. J\u00e1 jsem si myslela, \u017ee auto\u00a0zaml\u010del\u00a0m\u016fj man\u017eel. Jen\u017ee m\u016fj man\u017eel si myslel \u017ee jsem auto zamkla j\u00e1.A tak jsme si mysleli, \u017ee je auto zam\u010den\u00e9 a \u017ee je v bezpe\u010d\u00ed. Jen\u017ee to byl omyl. Byli jsme tak unaven\u00ed, \u017ee jsme ani nesly\u0161eli, \u017ee auto\u00a0zapnulo\u00a0motor, kter\u00e9 nastartovalo. Bohu\u017eel motorek jsme nesly\u0161eli, proto\u017ee jsme byli velmi moc unaven\u00fd z v\u00fdletu a auto se bohu\u017eel ani po m\u011bs\u00edci nena\u0161lo. Nav\u00edc jsme u\u017e pou\u010den\u00ed, proto\u017ee m\u00e1me nov\u00e9 auto, tak\u017ee si d\u00e1me pozor, aby auto bylo na noc v\u017edycky pe\u010dliv\u011b zam\u010den\u00e9. mysl\u00edm, \u017ee kontroly v\u0161eho, hlavn\u011b tedy auta jsou velmi d\u016fle\u017eit\u00e9,\u00a0proto\u017ee\u00a0je to jenom o jednou. Sta\u010d\u00ed\u00a0n\u011bjak\u00e1\u00a0nepozornost a nehoda nebo ne\u0161t\u011bst\u00ed je\u00a0opravdu\u00a0na sv\u011bt\u011b. A tak\u00a0se n\u011bco m\u016f\u017ee \u0159e\u0161it i hodn\u011b dlouho, a to asi nikdo z n\u00e1s nem\u00e1 r\u00e1d. Nav\u00edc auto chce i p\u00e9\u010di.                                                                                                                                                                                                                                                                                                                                                                                                "},{"@context":"https:\/\/schema.org\/","@type":"BreadcrumbList","itemListElement":[{"@type":"ListItem","position":1,"name":"Moc si p\u0159eji auto","item":"https:\/\/www.adares.cz\/moc-si-preji-auto\/#breadcrumbitem"}]}]