[{"@context":"https:\/\/schema.org\/","@type":"Blog","@id":"https:\/\/www.adares.cz#Blog","headline":"Adares","description":"\nLid\u00e9, kte\u0159\u00ed maj\u00ed p\u0159ebyte\u010dn\u00e9 pen\u00edze, tyto vkl\u00e1daj\u00ed do bank nebo investuj\u00ed. A ti, jim\u017e se pen\u011bz pro m\u011bnu nedost\u00e1v\u00e1, si tyto p\u016fj\u010duj\u00ed. A banky na tom vyd\u011bl\u00e1vaj\u00ed.","url":"https:\/\/www.adares.cz","hasPart":[{"@type":"Article","@id":"https:\/\/www.adares.cz\/poteste-ho\/","headline":"Pot\u011b\u0161te ho","url":"https:\/\/www.adares.cz\/poteste-ho\/","datePublished":"2024-04-12","dateModified":"2024-04-12","mainEntityOfPage":"https:\/\/www.adares.cz\/poteste-ho\/","author":{"@type":"Person","@id":"https:\/\/www.adares.cz\/author\/#Person","name":"","url":"https:\/\/www.adares.cz\/author\/","identifier":1,"image":{"@type":"ImageObject","@id":"https:\/\/secure.gravatar.com\/avatar\/04053961f5a3d2af1f56d865c7fc774bb6a80b9754b2f4c57fa4f8cefa253bd4?s=96&d=mm&r=g","url":"https:\/\/secure.gravatar.com\/avatar\/04053961f5a3d2af1f56d865c7fc774bb6a80b9754b2f4c57fa4f8cefa253bd4?s=96&d=mm&r=g","height":96,"width":96}},"publisher":{"@type":"Organization","name":"adares.cz","logo":{"@type":"ImageObject","@id":"\/logo.png","url":"\/logo.png","width":600,"height":60}},"image":null,"wordCount":311,"keywords":null},{"@type":"Article","@id":"https:\/\/www.adares.cz\/odrazte-se-od-vlny-neprijemnosti-a-nechejte-se-donest-na-nasi-adresu\/","headline":"Odrazte se od vlny nep\u0159\u00edjemnost\u00ed a nechejte se don\u00e9st na na\u0161i adresu","url":"https:\/\/www.adares.cz\/odrazte-se-od-vlny-neprijemnosti-a-nechejte-se-donest-na-nasi-adresu\/","datePublished":"2024-04-05","dateModified":"2024-04-05","mainEntityOfPage":"https:\/\/www.adares.cz\/odrazte-se-od-vlny-neprijemnosti-a-nechejte-se-donest-na-nasi-adresu\/","author":{"@type":"Person","@id":"https:\/\/www.adares.cz\/author\/#Person","name":"","url":"https:\/\/www.adares.cz\/author\/","identifier":1,"image":{"@type":"ImageObject","@id":"https:\/\/secure.gravatar.com\/avatar\/04053961f5a3d2af1f56d865c7fc774bb6a80b9754b2f4c57fa4f8cefa253bd4?s=96&d=mm&r=g","url":"https:\/\/secure.gravatar.com\/avatar\/04053961f5a3d2af1f56d865c7fc774bb6a80b9754b2f4c57fa4f8cefa253bd4?s=96&d=mm&r=g","height":96,"width":96}},"publisher":{"@type":"Organization","name":"adares.cz","logo":{"@type":"ImageObject","@id":"\/logo.png","url":"\/logo.png","width":600,"height":60}},"image":null,"wordCount":285,"keywords":null},{"@type":"Article","@id":"https:\/\/www.adares.cz\/teambuilding-pro-vasi-firmu\/","headline":"Teambuilding pro va\u0161i firmu","url":"https:\/\/www.adares.cz\/teambuilding-pro-vasi-firmu\/","datePublished":"2024-03-28","dateModified":"2024-03-28","mainEntityOfPage":"https:\/\/www.adares.cz\/teambuilding-pro-vasi-firmu\/","author":{"@type":"Person","@id":"https:\/\/www.adares.cz\/author\/#Person","name":"","url":"https:\/\/www.adares.cz\/author\/","identifier":1,"image":{"@type":"ImageObject","@id":"https:\/\/secure.gravatar.com\/avatar\/04053961f5a3d2af1f56d865c7fc774bb6a80b9754b2f4c57fa4f8cefa253bd4?s=96&d=mm&r=g","url":"https:\/\/secure.gravatar.com\/avatar\/04053961f5a3d2af1f56d865c7fc774bb6a80b9754b2f4c57fa4f8cefa253bd4?s=96&d=mm&r=g","height":96,"width":96}},"publisher":{"@type":"Organization","name":"adares.cz","logo":{"@type":"ImageObject","@id":"\/logo.png","url":"\/logo.png","width":600,"height":60}},"image":null,"wordCount":251,"keywords":null},{"@type":"Article","@id":"https:\/\/www.adares.cz\/nic-neni-ztracene\/","headline":"Nic nen\u00ed ztracen\u00e9","url":"https:\/\/www.adares.cz\/nic-neni-ztracene\/","datePublished":"2024-01-26","dateModified":"2024-02-27","mainEntityOfPage":"https:\/\/www.adares.cz\/nic-neni-ztracene\/","author":{"@type":"Person","@id":"https:\/\/www.adares.cz\/author\/#Person","name":"","url":"https:\/\/www.adares.cz\/author\/","identifier":1,"image":{"@type":"ImageObject","@id":"https:\/\/secure.gravatar.com\/avatar\/04053961f5a3d2af1f56d865c7fc774bb6a80b9754b2f4c57fa4f8cefa253bd4?s=96&d=mm&r=g","url":"https:\/\/secure.gravatar.com\/avatar\/04053961f5a3d2af1f56d865c7fc774bb6a80b9754b2f4c57fa4f8cefa253bd4?s=96&d=mm&r=g","height":96,"width":96}},"publisher":{"@type":"Organization","name":"adares.cz","logo":{"@type":"ImageObject","@id":"\/logo.png","url":"\/logo.png","width":600,"height":60}},"image":{"@type":"ImageObject","@id":"https:\/\/www.adares.cz\/wp-content\/uploads\/ppppppp_4.jpg","url":"https:\/\/www.adares.cz\/wp-content\/uploads\/ppppppp_4.jpg","height":0,"width":0},"wordCount":573,"keywords":null},{"@type":"Article","@id":"https:\/\/www.adares.cz\/bezpecny-a-spolehlivy-prevoz-jakehokoli-nakladu\/","headline":"Bezpe\u010dn\u00fd a spolehliv\u00fd p\u0159evoz jak\u00e9hokoli n\u00e1kladu","url":"https:\/\/www.adares.cz\/bezpecny-a-spolehlivy-prevoz-jakehokoli-nakladu\/","datePublished":"2024-01-25","dateModified":"2024-01-25","mainEntityOfPage":"https:\/\/www.adares.cz\/bezpecny-a-spolehlivy-prevoz-jakehokoli-nakladu\/","author":{"@type":"Person","@id":"https:\/\/www.adares.cz\/author\/#Person","name":"","url":"https:\/\/www.adares.cz\/author\/","identifier":1,"image":{"@type":"ImageObject","@id":"https:\/\/secure.gravatar.com\/avatar\/04053961f5a3d2af1f56d865c7fc774bb6a80b9754b2f4c57fa4f8cefa253bd4?s=96&d=mm&r=g","url":"https:\/\/secure.gravatar.com\/avatar\/04053961f5a3d2af1f56d865c7fc774bb6a80b9754b2f4c57fa4f8cefa253bd4?s=96&d=mm&r=g","height":96,"width":96}},"publisher":{"@type":"Organization","name":"adares.cz","logo":{"@type":"ImageObject","@id":"\/logo.png","url":"\/logo.png","width":600,"height":60}},"image":null,"wordCount":271,"keywords":null},{"@type":"Article","@id":"https:\/\/www.adares.cz\/upadek-milostneho-zivota\/","headline":"\u00dapadek milostn\u00e9ho \u017eivota","url":"https:\/\/www.adares.cz\/upadek-milostneho-zivota\/","datePublished":"2023-12-22","dateModified":"2024-02-12","mainEntityOfPage":"https:\/\/www.adares.cz\/upadek-milostneho-zivota\/","author":{"@type":"Person","@id":"https:\/\/www.adares.cz\/author\/#Person","name":"","url":"https:\/\/www.adares.cz\/author\/","identifier":1,"image":{"@type":"ImageObject","@id":"https:\/\/secure.gravatar.com\/avatar\/04053961f5a3d2af1f56d865c7fc774bb6a80b9754b2f4c57fa4f8cefa253bd4?s=96&d=mm&r=g","url":"https:\/\/secure.gravatar.com\/avatar\/04053961f5a3d2af1f56d865c7fc774bb6a80b9754b2f4c57fa4f8cefa253bd4?s=96&d=mm&r=g","height":96,"width":96}},"publisher":{"@type":"Organization","name":"adares.cz","logo":{"@type":"ImageObject","@id":"\/logo.png","url":"\/logo.png","width":600,"height":60}},"image":{"@type":"ImageObject","@id":"https:\/\/www.adares.cz\/wp-content\/uploads\/sexuality-6182995_640_10_9.jpg","url":"https:\/\/www.adares.cz\/wp-content\/uploads\/sexuality-6182995_640_10_9.jpg","height":0,"width":0},"wordCount":514,"keywords":null},{"@type":"Article","@id":"https:\/\/www.adares.cz\/co-frci-ve-stavebnictvi\/","headline":"Co fr\u010d\u00ed ve stavebnictv\u00ed","url":"https:\/\/www.adares.cz\/co-frci-ve-stavebnictvi\/","datePublished":"2023-12-18","dateModified":"2024-01-23","mainEntityOfPage":"https:\/\/www.adares.cz\/co-frci-ve-stavebnictvi\/","author":{"@type":"Person","@id":"https:\/\/www.adares.cz\/author\/#Person","name":"","url":"https:\/\/www.adares.cz\/author\/","identifier":1,"image":{"@type":"ImageObject","@id":"https:\/\/secure.gravatar.com\/avatar\/04053961f5a3d2af1f56d865c7fc774bb6a80b9754b2f4c57fa4f8cefa253bd4?s=96&d=mm&r=g","url":"https:\/\/secure.gravatar.com\/avatar\/04053961f5a3d2af1f56d865c7fc774bb6a80b9754b2f4c57fa4f8cefa253bd4?s=96&d=mm&r=g","height":96,"width":96}},"publisher":{"@type":"Organization","name":"adares.cz","logo":{"@type":"ImageObject","@id":"\/logo.png","url":"\/logo.png","width":600,"height":60}},"image":{"@type":"ImageObject","@id":"https:\/\/www.adares.cz\/wp-content\/uploads\/bungalow-20544_640_10_10_10_10_10_10_10_3.jpg","url":"https:\/\/www.adares.cz\/wp-content\/uploads\/bungalow-20544_640_10_10_10_10_10_10_10_3.jpg","height":0,"width":0},"wordCount":541,"keywords":null},{"@type":"Article","@id":"https:\/\/www.adares.cz\/vyborny-honeybush\/","headline":"V\u00fdborn\u00fd honeybush","url":"https:\/\/www.adares.cz\/vyborny-honeybush\/","datePublished":"2023-12-17","dateModified":"2023-12-17","mainEntityOfPage":"https:\/\/www.adares.cz\/vyborny-honeybush\/","author":{"@type":"Person","@id":"https:\/\/www.adares.cz\/author\/#Person","name":"","url":"https:\/\/www.adares.cz\/author\/","identifier":1,"image":{"@type":"ImageObject","@id":"https:\/\/secure.gravatar.com\/avatar\/04053961f5a3d2af1f56d865c7fc774bb6a80b9754b2f4c57fa4f8cefa253bd4?s=96&d=mm&r=g","url":"https:\/\/secure.gravatar.com\/avatar\/04053961f5a3d2af1f56d865c7fc774bb6a80b9754b2f4c57fa4f8cefa253bd4?s=96&d=mm&r=g","height":96,"width":96}},"publisher":{"@type":"Organization","name":"adares.cz","logo":{"@type":"ImageObject","@id":"\/logo.png","url":"\/logo.png","width":600,"height":60}},"image":null,"wordCount":270,"keywords":null},{"@type":"Article","@id":"https:\/\/www.adares.cz\/lakani-lidi-na-elektricka-auta\/","headline":"L\u00e1k\u00e1n\u00ed lid\u00ed na elektrick\u00e1 auta","url":"https:\/\/www.adares.cz\/lakani-lidi-na-elektricka-auta\/","datePublished":"2023-11-23","dateModified":"2023-11-23","mainEntityOfPage":"https:\/\/www.adares.cz\/lakani-lidi-na-elektricka-auta\/","author":{"@type":"Person","@id":"https:\/\/www.adares.cz\/author\/#Person","name":"","url":"https:\/\/www.adares.cz\/author\/","identifier":1,"image":{"@type":"ImageObject","@id":"https:\/\/secure.gravatar.com\/avatar\/04053961f5a3d2af1f56d865c7fc774bb6a80b9754b2f4c57fa4f8cefa253bd4?s=96&d=mm&r=g","url":"https:\/\/secure.gravatar.com\/avatar\/04053961f5a3d2af1f56d865c7fc774bb6a80b9754b2f4c57fa4f8cefa253bd4?s=96&d=mm&r=g","height":96,"width":96}},"publisher":{"@type":"Organization","name":"adares.cz","logo":{"@type":"ImageObject","@id":"\/logo.png","url":"\/logo.png","width":600,"height":60}},"image":{"@type":"ImageObject","@id":"https:\/\/www.adares.cz\/wp-content\/uploads\/ai-generated-8674235_640_4.png","url":"https:\/\/www.adares.cz\/wp-content\/uploads\/ai-generated-8674235_640_4.png","height":0,"width":0},"wordCount":528,"keywords":null},{"@type":"Article","@id":"https:\/\/www.adares.cz\/hodnoceni-zamestnancu-patri-mezi-nejdulezitejsi-aktivity-manazeru\/","headline":"Hodnocen\u00ed zam\u011bstnanc\u016f pat\u0159\u00ed mezi nejd\u016fle\u017eit\u011bj\u0161\u00ed aktivity mana\u017eer\u016f","url":"https:\/\/www.adares.cz\/hodnoceni-zamestnancu-patri-mezi-nejdulezitejsi-aktivity-manazeru\/","datePublished":"2023-11-12","dateModified":"2023-11-12","mainEntityOfPage":"https:\/\/www.adares.cz\/hodnoceni-zamestnancu-patri-mezi-nejdulezitejsi-aktivity-manazeru\/","author":{"@type":"Person","@id":"https:\/\/www.adares.cz\/author\/#Person","name":"","url":"https:\/\/www.adares.cz\/author\/","identifier":1,"image":{"@type":"ImageObject","@id":"https:\/\/secure.gravatar.com\/avatar\/04053961f5a3d2af1f56d865c7fc774bb6a80b9754b2f4c57fa4f8cefa253bd4?s=96&d=mm&r=g","url":"https:\/\/secure.gravatar.com\/avatar\/04053961f5a3d2af1f56d865c7fc774bb6a80b9754b2f4c57fa4f8cefa253bd4?s=96&d=mm&r=g","height":96,"width":96}},"publisher":{"@type":"Organization","name":"adares.cz","logo":{"@type":"ImageObject","@id":"\/logo.png","url":"\/logo.png","width":600,"height":60}},"image":null,"wordCount":261,"keywords":null}]},{"@context":"https:\/\/schema.org","@type":"WebSite","@id":"https:\/\/www.adares.cz\/#website","name":"Adares","url":"https:\/\/www.adares.cz","potentialAction":{"@type":"SearchAction","target":"https:\/\/www.adares.cz\/?s={search_term_string}","query-input":"required name=search_term_string"}}]