[{"@context":"https:\/\/schema.org\/","@type":"Article","@id":"https:\/\/www.adares.cz\/proc-mame-radi-prosivane-prikryvky\/#Article","mainEntityOfPage":"https:\/\/www.adares.cz\/proc-mame-radi-prosivane-prikryvky\/","headline":"Pro\u010d m\u00e1me r\u00e1di pro\u0161\u00edvan\u00e9 p\u0159ikr\u00fdvky","name":"Pro\u010d m\u00e1me r\u00e1di pro\u0161\u00edvan\u00e9 p\u0159ikr\u00fdvky","description":"Kdy\u017e n\u00e1s r\u00e1no slunce vyt\u00e1hne z postele nap\u0159\u00edklad v sobotu, kdy je p\u0159ed n\u00e1mi cel\u00fd voln\u00fd den, nem\u016f\u017eeme se do\u010dkat, a\u017e budeme realizovat sv\u00e9 sm\u011bl\u00e9","datePublished":"2022-07-08","dateModified":"2023-05-04","author":{"@type":"Person","@id":"https:\/\/www.adares.cz\/author\/#Person","name":"","url":"https:\/\/www.adares.cz\/author\/","identifier":1,"image":{"@type":"ImageObject","@id":"https:\/\/secure.gravatar.com\/avatar\/04053961f5a3d2af1f56d865c7fc774bb6a80b9754b2f4c57fa4f8cefa253bd4?s=96&d=mm&r=g","url":"https:\/\/secure.gravatar.com\/avatar\/04053961f5a3d2af1f56d865c7fc774bb6a80b9754b2f4c57fa4f8cefa253bd4?s=96&d=mm&r=g","height":96,"width":96}},"publisher":{"@type":"Organization","name":"adares.cz","logo":{"@type":"ImageObject","@id":"\/logo.png","url":"\/logo.png","width":600,"height":60}},"image":{"@type":"ImageObject","@id":"https:\/\/www.adares.cz\/wp-content\/uploads\/pexels-cottonbro-4045594_1.jpg","url":"https:\/\/www.adares.cz\/wp-content\/uploads\/pexels-cottonbro-4045594_1.jpg","height":0,"width":0},"url":"https:\/\/www.adares.cz\/proc-mame-radi-prosivane-prikryvky\/","about":["Produkty"],"wordCount":468,"articleBody":"   Kdy\u017e n\u00e1s r\u00e1no slunce vyt\u00e1hne z postele nap\u0159\u00edklad v sobotu, kdy je p\u0159ed n\u00e1mi cel\u00fd voln\u00fd den, nem\u016f\u017eeme se do\u010dkat, a\u017e budeme realizovat sv\u00e9 sm\u011bl\u00e9 pl\u00e1ny, sportovat, malovat, vyr\u00e1b\u011bt n\u011bco ze d\u0159eva, zahradni\u010dit \u010di cestovat v p\u0159\u00edrod\u011b, ale jakmile se za\u010dne den kr\u00e1tit a slunce se bude bl\u00ed\u017eit k obzoru, na\u0161e my\u0161lenky se mnohdy obr\u00e1t\u00ed do lo\u017enice, kde m\u00e1me \u00fatulnou postel, a za\u010dneme se t\u011b\u0161it, a\u017e si tu kone\u010dn\u011b odpo\u010dineme.Nat\u00e1hnout se na postel je doslova \u201ebo\u017e\u00ed \u00fakaz\u201c, nem\u00e1 to chybu a je to jedin\u00fd zp\u016fsob, jak na\u0161e t\u011blo ochr\u00e1nit p\u0159ed vlivem zemsk\u00e9 gravitace. Neb\u00fdt gravita\u010dn\u00edch sil, v podstat\u011b bychom l\u016f\u017eko ani nepot\u0159ebovali, prost\u011b bychom se jen voln\u011b vzn\u00e1\u0161eli v prostoru, n\u011bkde se uhn\u00edzdili, t\u0159eba v horn\u00edm rohu m\u00edstnosti u stropu, a tam str\u00e1vili nocleh.Teprve v lo\u017enici, na pohodln\u00fdch zdravotn\u00edch matrac\u00edch, vn\u00edm\u00e1me, jak nekompromisn\u00ed gravitace je, a jak d\u016fle\u017eit\u00e9 je m\u00edt sv\u016fj prostor pro odpo\u010dinek. Jeho sou\u010d\u00e1st\u00ed jsou tak\u00e9 pro\u0161\u00edvan\u00e9 deky. Pro\u010d d\u00e1v\u00e1me p\u0159ednost pr\u00e1v\u011b jim?Dut\u00e9 mikrovl\u00e1kno \u2013 mikrovl\u00e1kno je \u010dist\u011b syntetick\u00fd materi\u00e1l, kter\u00fd vykazuje mnoho v\u00fdhod v\u016f\u010di p\u0159\u00edrodn\u00edm materi\u00e1l\u016fm. Za prv\u00e9 je velmi lehk\u00e9, tak\u017ee se pod takovou p\u0159ikr\u00fdvkou dob\u0159e us\u00edn\u00e1. Za druh\u00e9 perfektn\u011b izoluje t\u011blesn\u00e9 teplo a udr\u017e\u00ed jej i tehdy, je-li v m\u00edstnosti velmi chladno. Dut\u00e9 vl\u00e1kno z\u00e1rove\u0148 izoluje poko\u017eku od okoln\u00edho prost\u0159ed\u00ed, je-li teplej\u0161\u00ed, tak\u017ee se tu l\u00e9pe sp\u00ed i v letn\u00edm horku. A za t\u0159et\u00ed je vhodn\u00e9 i pro alergiky, co\u017e nelze \u0159\u00edci o prachov\u00e9m pe\u0159\u00ed nebo ov\u010d\u00ed vln\u011b.Rozm\u011bry \u2013 velmi d\u016fle\u017eit\u00e1 je volba rozm\u011br\u016f pro\u0161\u00edvan\u00fdch p\u0159ikr\u00fdvek. Vyb\u00edrejte rad\u011bji v\u011bt\u0161\u00ed, abyste m\u011bli v posteli v\u00edce voln\u00e9ho prostoru, pokud bude deka p\u0159\u00edli\u0161 \u00fazk\u00e1, bude v\u00e1m p\u0159i p\u0159evalov\u00e1n\u00ed ob\u010das koukat ven kus zad \u010di b\u0159icha a bude v\u00e1s to z\u0159ejm\u011b budit. Podobn\u00e9 je to i s d\u00e9lkou, p\u0159\u00edli\u0161 kr\u00e1tk\u00e1 deka je rizikem, \u017ee v\u00e1m budou vykukovat zpod deky p\u0159i span\u00ed chodidla, a ta jsou d\u00edky mnoha nervov\u00fdm zakon\u010den\u00edm je\u0161t\u011b v\u00edce citliv\u00e1 na poryvy vzduchu a chlad v m\u00edstnosti. Nen\u00ed zkr\u00e1tka nad to po\u0159\u00e1dn\u011b se do velk\u00e9 deky zachumlat a m\u00edt j\u00ed kolem sebe k dispozici, i kdy\u017e se na l\u016f\u017eku r\u00e1di a \u010dasto ot\u00e1\u010d\u00edte.                                                                                                                                                                                                                                                                                                                                                                                                 "},{"@context":"https:\/\/schema.org\/","@type":"BreadcrumbList","itemListElement":[{"@type":"ListItem","position":1,"name":"Pro\u010d m\u00e1me r\u00e1di pro\u0161\u00edvan\u00e9 p\u0159ikr\u00fdvky","item":"https:\/\/www.adares.cz\/proc-mame-radi-prosivane-prikryvky\/#breadcrumbitem"}]}]