{"@context":"https:\/\/schema.org\/","@type":"CollectionPage","@id":"https:\/\/www.adares.cz\/produkty\/#CollectionPage","headline":"Produkty Category","description":"","url":"https:\/\/www.adares.cz\/produkty\/","hasPart":[{"@type":"Article","@id":"https:\/\/www.adares.cz\/auto-vcera-a-dnes\/","headline":"Auto-v\u010dera a dnes","url":"https:\/\/www.adares.cz\/auto-vcera-a-dnes\/","datePublished":"2026-01-16","dateModified":"2026-01-16","mainEntityOfPage":"https:\/\/www.adares.cz\/auto-vcera-a-dnes\/","author":{"@type":"Person","@id":"https:\/\/www.adares.cz\/author\/#Person","name":"","url":"https:\/\/www.adares.cz\/author\/","identifier":1,"image":{"@type":"ImageObject","@id":"https:\/\/secure.gravatar.com\/avatar\/04053961f5a3d2af1f56d865c7fc774bb6a80b9754b2f4c57fa4f8cefa253bd4?s=96&d=mm&r=g","url":"https:\/\/secure.gravatar.com\/avatar\/04053961f5a3d2af1f56d865c7fc774bb6a80b9754b2f4c57fa4f8cefa253bd4?s=96&d=mm&r=g","height":96,"width":96}},"publisher":{"@type":"Organization","name":"adares.cz","logo":{"@type":"ImageObject","@id":"\/logo.png","url":"\/logo.png","width":600,"height":60}},"image":{"@type":"ImageObject","@id":"https:\/\/www.adares.cz\/wp-content\/uploads\/pexels-auto-1868726_640.jpg","url":"https:\/\/www.adares.cz\/wp-content\/uploads\/pexels-auto-1868726_640.jpg","height":0,"width":0},"keywords":null},{"@type":"Article","@id":"https:\/\/www.adares.cz\/prakticka-francouzska-okna\/","headline":"Praktick\u00e1 francouzsk\u00e1 okna","url":"https:\/\/www.adares.cz\/prakticka-francouzska-okna\/","datePublished":"2025-12-16","dateModified":"2025-12-16","mainEntityOfPage":"https:\/\/www.adares.cz\/prakticka-francouzska-okna\/","author":{"@type":"Person","@id":"https:\/\/www.adares.cz\/author\/#Person","name":"","url":"https:\/\/www.adares.cz\/author\/","identifier":1,"image":{"@type":"ImageObject","@id":"https:\/\/secure.gravatar.com\/avatar\/04053961f5a3d2af1f56d865c7fc774bb6a80b9754b2f4c57fa4f8cefa253bd4?s=96&d=mm&r=g","url":"https:\/\/secure.gravatar.com\/avatar\/04053961f5a3d2af1f56d865c7fc774bb6a80b9754b2f4c57fa4f8cefa253bd4?s=96&d=mm&r=g","height":96,"width":96}},"publisher":{"@type":"Organization","name":"adares.cz","logo":{"@type":"ImageObject","@id":"\/logo.png","url":"\/logo.png","width":600,"height":60}},"image":{"@type":"ImageObject","@id":"https:\/\/www.adares.cz\/wp-content\/uploads\/lost-places-597166_640_3.jpg","url":"https:\/\/www.adares.cz\/wp-content\/uploads\/lost-places-597166_640_3.jpg","height":0,"width":0},"keywords":null},{"@type":"Article","@id":"https:\/\/www.adares.cz\/boj-se-stresem-a-vycerpanim\/","headline":"Boj se stresem a vy\u010derp\u00e1n\u00edm","url":"https:\/\/www.adares.cz\/boj-se-stresem-a-vycerpanim\/","datePublished":"2025-10-11","dateModified":"2025-10-11","mainEntityOfPage":"https:\/\/www.adares.cz\/boj-se-stresem-a-vycerpanim\/","author":{"@type":"Person","@id":"https:\/\/www.adares.cz\/author\/#Person","name":"","url":"https:\/\/www.adares.cz\/author\/","identifier":1,"image":{"@type":"ImageObject","@id":"https:\/\/secure.gravatar.com\/avatar\/04053961f5a3d2af1f56d865c7fc774bb6a80b9754b2f4c57fa4f8cefa253bd4?s=96&d=mm&r=g","url":"https:\/\/secure.gravatar.com\/avatar\/04053961f5a3d2af1f56d865c7fc774bb6a80b9754b2f4c57fa4f8cefa253bd4?s=96&d=mm&r=g","height":96,"width":96}},"publisher":{"@type":"Organization","name":"adares.cz","logo":{"@type":"ImageObject","@id":"\/logo.png","url":"\/logo.png","width":600,"height":60}},"image":{"@type":"ImageObject","@id":"https:\/\/www.adares.cz\/wp-content\/uploads\/stress-8941882_640_1.jpg","url":"https:\/\/www.adares.cz\/wp-content\/uploads\/stress-8941882_640_1.jpg","height":0,"width":0},"keywords":null},{"@type":"Article","@id":"https:\/\/www.adares.cz\/sportovni-obleceni\/","headline":"Sportovn\u00ed oble\u010den\u00ed","url":"https:\/\/www.adares.cz\/sportovni-obleceni\/","datePublished":"2025-08-15","dateModified":"2025-08-15","mainEntityOfPage":"https:\/\/www.adares.cz\/sportovni-obleceni\/","author":{"@type":"Person","@id":"https:\/\/www.adares.cz\/author\/#Person","name":"","url":"https:\/\/www.adares.cz\/author\/","identifier":1,"image":{"@type":"ImageObject","@id":"https:\/\/secure.gravatar.com\/avatar\/04053961f5a3d2af1f56d865c7fc774bb6a80b9754b2f4c57fa4f8cefa253bd4?s=96&d=mm&r=g","url":"https:\/\/secure.gravatar.com\/avatar\/04053961f5a3d2af1f56d865c7fc774bb6a80b9754b2f4c57fa4f8cefa253bd4?s=96&d=mm&r=g","height":96,"width":96}},"publisher":{"@type":"Organization","name":"adares.cz","logo":{"@type":"ImageObject","@id":"\/logo.png","url":"\/logo.png","width":600,"height":60}},"image":{"@type":"ImageObject","@id":"https:\/\/www.adares.cz\/wp-content\/uploads\/road-cycling-585248_640.jpg","url":"https:\/\/www.adares.cz\/wp-content\/uploads\/road-cycling-585248_640.jpg","height":0,"width":0},"keywords":null},{"@type":"Article","@id":"https:\/\/www.adares.cz\/instalace-novych-plastovych-oken-a-dveri-v-mestskem-byte\/","headline":"Instalace nov\u00fdch plastov\u00fdch oken a dve\u0159\u00ed v m\u011bstsk\u00e9m byt\u011b","url":"https:\/\/www.adares.cz\/instalace-novych-plastovych-oken-a-dveri-v-mestskem-byte\/","datePublished":"2025-07-07","dateModified":"2025-07-07","mainEntityOfPage":"https:\/\/www.adares.cz\/instalace-novych-plastovych-oken-a-dveri-v-mestskem-byte\/","author":{"@type":"Person","@id":"https:\/\/www.adares.cz\/author\/#Person","name":"","url":"https:\/\/www.adares.cz\/author\/","identifier":1,"image":{"@type":"ImageObject","@id":"https:\/\/secure.gravatar.com\/avatar\/04053961f5a3d2af1f56d865c7fc774bb6a80b9754b2f4c57fa4f8cefa253bd4?s=96&d=mm&r=g","url":"https:\/\/secure.gravatar.com\/avatar\/04053961f5a3d2af1f56d865c7fc774bb6a80b9754b2f4c57fa4f8cefa253bd4?s=96&d=mm&r=g","height":96,"width":96}},"publisher":{"@type":"Organization","name":"adares.cz","logo":{"@type":"ImageObject","@id":"\/logo.png","url":"\/logo.png","width":600,"height":60}},"image":{"@type":"ImageObject","@id":"https:\/\/www.adares.cz\/wp-content\/uploads\/architecture-1854248_640_8.jpg","url":"https:\/\/www.adares.cz\/wp-content\/uploads\/architecture-1854248_640_8.jpg","height":0,"width":0},"keywords":null},{"@type":"Article","@id":"https:\/\/www.adares.cz\/reklamni-predmety-opomijena-forma-reklamy\/","headline":"Reklamn\u00ed p\u0159edm\u011bty &#8211; opom\u00edjen\u00e1 forma reklamy","url":"https:\/\/www.adares.cz\/reklamni-predmety-opomijena-forma-reklamy\/","datePublished":"2022-09-05","dateModified":"2023-05-04","mainEntityOfPage":"https:\/\/www.adares.cz\/reklamni-predmety-opomijena-forma-reklamy\/","author":{"@type":"Person","@id":"https:\/\/www.adares.cz\/author\/#Person","name":"","url":"https:\/\/www.adares.cz\/author\/","identifier":1,"image":{"@type":"ImageObject","@id":"https:\/\/secure.gravatar.com\/avatar\/04053961f5a3d2af1f56d865c7fc774bb6a80b9754b2f4c57fa4f8cefa253bd4?s=96&d=mm&r=g","url":"https:\/\/secure.gravatar.com\/avatar\/04053961f5a3d2af1f56d865c7fc774bb6a80b9754b2f4c57fa4f8cefa253bd4?s=96&d=mm&r=g","height":96,"width":96}},"publisher":{"@type":"Organization","name":"adares.cz","logo":{"@type":"ImageObject","@id":"\/logo.png","url":"\/logo.png","width":600,"height":60}},"image":{"@type":"ImageObject","@id":"https:\/\/www.adares.cz\/wp-content\/uploads\/pexels-pixabay-210126.jpg","url":"https:\/\/www.adares.cz\/wp-content\/uploads\/pexels-pixabay-210126.jpg","height":0,"width":0},"keywords":null},{"@type":"Article","@id":"https:\/\/www.adares.cz\/proc-mame-radi-prosivane-prikryvky\/","headline":"Pro\u010d m\u00e1me r\u00e1di pro\u0161\u00edvan\u00e9 p\u0159ikr\u00fdvky","url":"https:\/\/www.adares.cz\/proc-mame-radi-prosivane-prikryvky\/","datePublished":"2022-07-08","dateModified":"2023-05-04","mainEntityOfPage":"https:\/\/www.adares.cz\/proc-mame-radi-prosivane-prikryvky\/","author":{"@type":"Person","@id":"https:\/\/www.adares.cz\/author\/#Person","name":"","url":"https:\/\/www.adares.cz\/author\/","identifier":1,"image":{"@type":"ImageObject","@id":"https:\/\/secure.gravatar.com\/avatar\/04053961f5a3d2af1f56d865c7fc774bb6a80b9754b2f4c57fa4f8cefa253bd4?s=96&d=mm&r=g","url":"https:\/\/secure.gravatar.com\/avatar\/04053961f5a3d2af1f56d865c7fc774bb6a80b9754b2f4c57fa4f8cefa253bd4?s=96&d=mm&r=g","height":96,"width":96}},"publisher":{"@type":"Organization","name":"adares.cz","logo":{"@type":"ImageObject","@id":"\/logo.png","url":"\/logo.png","width":600,"height":60}},"image":{"@type":"ImageObject","@id":"https:\/\/www.adares.cz\/wp-content\/uploads\/pexels-cottonbro-4045594_1.jpg","url":"https:\/\/www.adares.cz\/wp-content\/uploads\/pexels-cottonbro-4045594_1.jpg","height":0,"width":0},"keywords":null},{"@type":"Article","@id":"https:\/\/www.adares.cz\/prepravky-na-piva\/","headline":"P\u0159epravky na piva","url":"https:\/\/www.adares.cz\/prepravky-na-piva\/","datePublished":"2022-06-19","dateModified":"2023-07-21","mainEntityOfPage":"https:\/\/www.adares.cz\/prepravky-na-piva\/","author":{"@type":"Person","@id":"https:\/\/www.adares.cz\/author\/#Person","name":"","url":"https:\/\/www.adares.cz\/author\/","identifier":1,"image":{"@type":"ImageObject","@id":"https:\/\/secure.gravatar.com\/avatar\/04053961f5a3d2af1f56d865c7fc774bb6a80b9754b2f4c57fa4f8cefa253bd4?s=96&d=mm&r=g","url":"https:\/\/secure.gravatar.com\/avatar\/04053961f5a3d2af1f56d865c7fc774bb6a80b9754b2f4c57fa4f8cefa253bd4?s=96&d=mm&r=g","height":96,"width":96}},"publisher":{"@type":"Organization","name":"adares.cz","logo":{"@type":"ImageObject","@id":"\/logo.png","url":"\/logo.png","width":600,"height":60}},"image":{"@type":"ImageObject","@id":"https:\/\/www.adares.cz\/wp-content\/uploads\/office-g34de21b35_1920.jpg","url":"https:\/\/www.adares.cz\/wp-content\/uploads\/office-g34de21b35_1920.jpg","height":0,"width":0},"keywords":null},{"@type":"Article","@id":"https:\/\/www.adares.cz\/skladujte-bezpecne-sezonni-obleceni-a-boty\/","headline":"Skladujte bezpe\u010dn\u011b sezonn\u00ed oble\u010den\u00ed a boty","url":"https:\/\/www.adares.cz\/skladujte-bezpecne-sezonni-obleceni-a-boty\/","datePublished":"2022-04-26","dateModified":"2023-05-04","mainEntityOfPage":"https:\/\/www.adares.cz\/skladujte-bezpecne-sezonni-obleceni-a-boty\/","author":{"@type":"Person","@id":"https:\/\/www.adares.cz\/author\/#Person","name":"","url":"https:\/\/www.adares.cz\/author\/","identifier":1,"image":{"@type":"ImageObject","@id":"https:\/\/secure.gravatar.com\/avatar\/04053961f5a3d2af1f56d865c7fc774bb6a80b9754b2f4c57fa4f8cefa253bd4?s=96&d=mm&r=g","url":"https:\/\/secure.gravatar.com\/avatar\/04053961f5a3d2af1f56d865c7fc774bb6a80b9754b2f4c57fa4f8cefa253bd4?s=96&d=mm&r=g","height":96,"width":96}},"publisher":{"@type":"Organization","name":"adares.cz","logo":{"@type":"ImageObject","@id":"\/logo.png","url":"\/logo.png","width":600,"height":60}},"image":{"@type":"ImageObject","@id":"https:\/\/www.adares.cz\/wp-content\/uploads\/clothes-4198009_640.jpg","url":"https:\/\/www.adares.cz\/wp-content\/uploads\/clothes-4198009_640.jpg","height":0,"width":0},"keywords":null},{"@type":"Article","@id":"https:\/\/www.adares.cz\/bazen-je-bez-prislusenstvi-nevyuzitelna-nadoba\/","headline":"Baz\u00e9n je bez p\u0159\u00edslu\u0161enstv\u00ed nevyu\u017eiteln\u00e1 n\u00e1doba","url":"https:\/\/www.adares.cz\/bazen-je-bez-prislusenstvi-nevyuzitelna-nadoba\/","datePublished":"2022-04-10","dateModified":"2023-05-04","mainEntityOfPage":"https:\/\/www.adares.cz\/bazen-je-bez-prislusenstvi-nevyuzitelna-nadoba\/","author":{"@type":"Person","@id":"https:\/\/www.adares.cz\/author\/#Person","name":"","url":"https:\/\/www.adares.cz\/author\/","identifier":1,"image":{"@type":"ImageObject","@id":"https:\/\/secure.gravatar.com\/avatar\/04053961f5a3d2af1f56d865c7fc774bb6a80b9754b2f4c57fa4f8cefa253bd4?s=96&d=mm&r=g","url":"https:\/\/secure.gravatar.com\/avatar\/04053961f5a3d2af1f56d865c7fc774bb6a80b9754b2f4c57fa4f8cefa253bd4?s=96&d=mm&r=g","height":96,"width":96}},"publisher":{"@type":"Organization","name":"adares.cz","logo":{"@type":"ImageObject","@id":"\/logo.png","url":"\/logo.png","width":600,"height":60}},"image":{"@type":"ImageObject","@id":"https:\/\/www.adares.cz\/wp-content\/uploads\/surface-4373559_640_5.jpg","url":"https:\/\/www.adares.cz\/wp-content\/uploads\/surface-4373559_640_5.jpg","height":0,"width":0},"keywords":null}]}