{"@context":"https:\/\/schema.org\/","@type":"CollectionPage","@id":"https:\/\/www.adares.cz\/produkty\/#CollectionPage","headline":"Produkty Category","description":"","url":"https:\/\/www.adares.cz\/produkty\/","hasPart":[{"@type":"Article","@id":"https:\/\/www.adares.cz\/videli-jste-uz-tento-kousek\/","headline":"Vid\u011bli jste u\u017e tento kousek?","url":"https:\/\/www.adares.cz\/videli-jste-uz-tento-kousek\/","datePublished":"2022-03-28","dateModified":"2023-05-04","mainEntityOfPage":"https:\/\/www.adares.cz\/videli-jste-uz-tento-kousek\/","author":{"@type":"Person","@id":"https:\/\/www.adares.cz\/author\/#Person","name":"","url":"https:\/\/www.adares.cz\/author\/","identifier":1,"image":{"@type":"ImageObject","@id":"https:\/\/secure.gravatar.com\/avatar\/04053961f5a3d2af1f56d865c7fc774bb6a80b9754b2f4c57fa4f8cefa253bd4?s=96&d=mm&r=g","url":"https:\/\/secure.gravatar.com\/avatar\/04053961f5a3d2af1f56d865c7fc774bb6a80b9754b2f4c57fa4f8cefa253bd4?s=96&d=mm&r=g","height":96,"width":96}},"publisher":{"@type":"Organization","name":"adares.cz","logo":{"@type":"ImageObject","@id":"\/logo.png","url":"\/logo.png","width":600,"height":60}},"image":{"@type":"ImageObject","@id":"https:\/\/www.adares.cz\/wp-content\/uploads\/pexels-skylar-kang-6370036.jpg","url":"https:\/\/www.adares.cz\/wp-content\/uploads\/pexels-skylar-kang-6370036.jpg","height":0,"width":0},"keywords":null},{"@type":"Article","@id":"https:\/\/www.adares.cz\/kesu-orisky-chutna-a-vyzivna-superpotravina\/","headline":"Ke\u0161u o\u0159\u00ed\u0161ky \u2013 chutn\u00e1 a v\u00fd\u017eivn\u00e1 superpotravina","url":"https:\/\/www.adares.cz\/kesu-orisky-chutna-a-vyzivna-superpotravina\/","datePublished":"2021-11-27","dateModified":"2023-05-04","mainEntityOfPage":"https:\/\/www.adares.cz\/kesu-orisky-chutna-a-vyzivna-superpotravina\/","author":{"@type":"Person","@id":"https:\/\/www.adares.cz\/author\/#Person","name":"","url":"https:\/\/www.adares.cz\/author\/","identifier":1,"image":{"@type":"ImageObject","@id":"https:\/\/secure.gravatar.com\/avatar\/04053961f5a3d2af1f56d865c7fc774bb6a80b9754b2f4c57fa4f8cefa253bd4?s=96&d=mm&r=g","url":"https:\/\/secure.gravatar.com\/avatar\/04053961f5a3d2af1f56d865c7fc774bb6a80b9754b2f4c57fa4f8cefa253bd4?s=96&d=mm&r=g","height":96,"width":96}},"publisher":{"@type":"Organization","name":"adares.cz","logo":{"@type":"ImageObject","@id":"\/logo.png","url":"\/logo.png","width":600,"height":60}},"image":{"@type":"ImageObject","@id":"https:\/\/www.adares.cz\/wp-content\/uploads\/cashew-nuts-1549580_640.jpg","url":"https:\/\/www.adares.cz\/wp-content\/uploads\/cashew-nuts-1549580_640.jpg","height":0,"width":0},"keywords":null},{"@type":"Article","@id":"https:\/\/www.adares.cz\/obal-na-mobil-huawei-z-eko-kuze-aneb-dobry-pomer-ceny-a-vykonu\/","headline":"Obal na mobil Huawei z eko-k\u016f\u017ee aneb dobr\u00fd pom\u011br ceny a v\u00fdkonu","url":"https:\/\/www.adares.cz\/obal-na-mobil-huawei-z-eko-kuze-aneb-dobry-pomer-ceny-a-vykonu\/","datePublished":"2021-11-10","dateModified":"2023-05-04","mainEntityOfPage":"https:\/\/www.adares.cz\/obal-na-mobil-huawei-z-eko-kuze-aneb-dobry-pomer-ceny-a-vykonu\/","author":{"@type":"Person","@id":"https:\/\/www.adares.cz\/author\/#Person","name":"","url":"https:\/\/www.adares.cz\/author\/","identifier":1,"image":{"@type":"ImageObject","@id":"https:\/\/secure.gravatar.com\/avatar\/04053961f5a3d2af1f56d865c7fc774bb6a80b9754b2f4c57fa4f8cefa253bd4?s=96&d=mm&r=g","url":"https:\/\/secure.gravatar.com\/avatar\/04053961f5a3d2af1f56d865c7fc774bb6a80b9754b2f4c57fa4f8cefa253bd4?s=96&d=mm&r=g","height":96,"width":96}},"publisher":{"@type":"Organization","name":"adares.cz","logo":{"@type":"ImageObject","@id":"\/logo.png","url":"\/logo.png","width":600,"height":60}},"image":{"@type":"ImageObject","@id":"https:\/\/www.adares.cz\/wp-content\/uploads\/iphone-gf5245bc34_640.jpg","url":"https:\/\/www.adares.cz\/wp-content\/uploads\/iphone-gf5245bc34_640.jpg","height":0,"width":0},"keywords":null},{"@type":"Article","@id":"https:\/\/www.adares.cz\/rucne-vyrabene-drevene-hodinky\/","headline":"Ru\u010dn\u011b vyr\u00e1b\u011bn\u00e9 d\u0159ev\u011bn\u00e9 hodinky","url":"https:\/\/www.adares.cz\/rucne-vyrabene-drevene-hodinky\/","datePublished":"2021-10-23","dateModified":"2023-05-04","mainEntityOfPage":"https:\/\/www.adares.cz\/rucne-vyrabene-drevene-hodinky\/","author":{"@type":"Person","@id":"https:\/\/www.adares.cz\/author\/#Person","name":"","url":"https:\/\/www.adares.cz\/author\/","identifier":1,"image":{"@type":"ImageObject","@id":"https:\/\/secure.gravatar.com\/avatar\/04053961f5a3d2af1f56d865c7fc774bb6a80b9754b2f4c57fa4f8cefa253bd4?s=96&d=mm&r=g","url":"https:\/\/secure.gravatar.com\/avatar\/04053961f5a3d2af1f56d865c7fc774bb6a80b9754b2f4c57fa4f8cefa253bd4?s=96&d=mm&r=g","height":96,"width":96}},"publisher":{"@type":"Organization","name":"adares.cz","logo":{"@type":"ImageObject","@id":"\/logo.png","url":"\/logo.png","width":600,"height":60}},"image":{"@type":"ImageObject","@id":"https:\/\/www.adares.cz\/wp-content\/uploads\/carpenter-3601985_960_720.jpg","url":"https:\/\/www.adares.cz\/wp-content\/uploads\/carpenter-3601985_960_720.jpg","height":0,"width":0},"keywords":null},{"@type":"Article","@id":"https:\/\/www.adares.cz\/mejte-i-vy-cernou-kozenou-kabelku\/","headline":"M\u011bjte i vy \u010dernou ko\u017eenou kabelku","url":"https:\/\/www.adares.cz\/mejte-i-vy-cernou-kozenou-kabelku\/","datePublished":"2021-09-19","dateModified":"2023-05-04","mainEntityOfPage":"https:\/\/www.adares.cz\/mejte-i-vy-cernou-kozenou-kabelku\/","author":{"@type":"Person","@id":"https:\/\/www.adares.cz\/author\/#Person","name":"","url":"https:\/\/www.adares.cz\/author\/","identifier":1,"image":{"@type":"ImageObject","@id":"https:\/\/secure.gravatar.com\/avatar\/04053961f5a3d2af1f56d865c7fc774bb6a80b9754b2f4c57fa4f8cefa253bd4?s=96&d=mm&r=g","url":"https:\/\/secure.gravatar.com\/avatar\/04053961f5a3d2af1f56d865c7fc774bb6a80b9754b2f4c57fa4f8cefa253bd4?s=96&d=mm&r=g","height":96,"width":96}},"publisher":{"@type":"Organization","name":"adares.cz","logo":{"@type":"ImageObject","@id":"\/logo.png","url":"\/logo.png","width":600,"height":60}},"image":{"@type":"ImageObject","@id":"https:\/\/www.adares.cz\/wp-content\/uploads\/crossbody%20kabelka.PNG","url":"https:\/\/www.adares.cz\/wp-content\/uploads\/crossbody%20kabelka.PNG","height":0,"width":0},"keywords":null},{"@type":"Article","@id":"https:\/\/www.adares.cz\/chrante-svuj-zrak\/","headline":"Chra\u0148te sv\u016fj zrak","url":"https:\/\/www.adares.cz\/chrante-svuj-zrak\/","datePublished":"2021-09-08","dateModified":"2023-05-04","mainEntityOfPage":"https:\/\/www.adares.cz\/chrante-svuj-zrak\/","author":{"@type":"Person","@id":"https:\/\/www.adares.cz\/author\/#Person","name":"","url":"https:\/\/www.adares.cz\/author\/","identifier":1,"image":{"@type":"ImageObject","@id":"https:\/\/secure.gravatar.com\/avatar\/04053961f5a3d2af1f56d865c7fc774bb6a80b9754b2f4c57fa4f8cefa253bd4?s=96&d=mm&r=g","url":"https:\/\/secure.gravatar.com\/avatar\/04053961f5a3d2af1f56d865c7fc774bb6a80b9754b2f4c57fa4f8cefa253bd4?s=96&d=mm&r=g","height":96,"width":96}},"publisher":{"@type":"Organization","name":"adares.cz","logo":{"@type":"ImageObject","@id":"\/logo.png","url":"\/logo.png","width":600,"height":60}},"image":{"@type":"ImageObject","@id":"https:\/\/www.adares.cz\/wp-content\/uploads\/eye-1185226_960_720.png","url":"https:\/\/www.adares.cz\/wp-content\/uploads\/eye-1185226_960_720.png","height":0,"width":0},"keywords":null},{"@type":"Article","@id":"https:\/\/www.adares.cz\/zdravy-a-vyvazeny-jidelnicek\/","headline":"Zdrav\u00fd a vyv\u00e1\u017een\u00fd j\u00eddeln\u00ed\u010dek","url":"https:\/\/www.adares.cz\/zdravy-a-vyvazeny-jidelnicek\/","datePublished":"2021-03-23","dateModified":"2023-09-13","mainEntityOfPage":"https:\/\/www.adares.cz\/zdravy-a-vyvazeny-jidelnicek\/","author":{"@type":"Person","@id":"https:\/\/www.adares.cz\/author\/#Person","name":"","url":"https:\/\/www.adares.cz\/author\/","identifier":1,"image":{"@type":"ImageObject","@id":"https:\/\/secure.gravatar.com\/avatar\/04053961f5a3d2af1f56d865c7fc774bb6a80b9754b2f4c57fa4f8cefa253bd4?s=96&d=mm&r=g","url":"https:\/\/secure.gravatar.com\/avatar\/04053961f5a3d2af1f56d865c7fc774bb6a80b9754b2f4c57fa4f8cefa253bd4?s=96&d=mm&r=g","height":96,"width":96}},"publisher":{"@type":"Organization","name":"adares.cz","logo":{"@type":"ImageObject","@id":"\/logo.png","url":"\/logo.png","width":600,"height":60}},"image":{"@type":"ImageObject","@id":"https:\/\/www.adares.cz\/wp-content\/uploads\/zdrav%C3%A1%20strava_10_4.jpg","url":"https:\/\/www.adares.cz\/wp-content\/uploads\/zdrav%C3%A1%20strava_10_4.jpg","height":0,"width":0},"keywords":null},{"@type":"Article","@id":"https:\/\/www.adares.cz\/chrante-se-pred-coronavirem\/","headline":"Chra\u0148te se p\u0159ed Coronavirem","url":"https:\/\/www.adares.cz\/chrante-se-pred-coronavirem\/","datePublished":"2021-03-22","dateModified":"2023-05-04","mainEntityOfPage":"https:\/\/www.adares.cz\/chrante-se-pred-coronavirem\/","author":{"@type":"Person","@id":"https:\/\/www.adares.cz\/author\/#Person","name":"","url":"https:\/\/www.adares.cz\/author\/","identifier":1,"image":{"@type":"ImageObject","@id":"https:\/\/secure.gravatar.com\/avatar\/04053961f5a3d2af1f56d865c7fc774bb6a80b9754b2f4c57fa4f8cefa253bd4?s=96&d=mm&r=g","url":"https:\/\/secure.gravatar.com\/avatar\/04053961f5a3d2af1f56d865c7fc774bb6a80b9754b2f4c57fa4f8cefa253bd4?s=96&d=mm&r=g","height":96,"width":96}},"publisher":{"@type":"Organization","name":"adares.cz","logo":{"@type":"ImageObject","@id":"\/logo.png","url":"\/logo.png","width":600,"height":60}},"image":{"@type":"ImageObject","@id":"https:\/\/www.adares.cz\/wp-content\/uploads\/chirurgick%C3%A1%20rou%C5%A1ka_oRNLnW.jpg","url":"https:\/\/www.adares.cz\/wp-content\/uploads\/chirurgick%C3%A1%20rou%C5%A1ka_oRNLnW.jpg","height":0,"width":0},"keywords":null},{"@type":"Article","@id":"https:\/\/www.adares.cz\/je-samonosne-schodiste-dostatecne-bezpecne\/","headline":"Je samonosn\u00e9 schodi\u0161t\u011b dostate\u010dn\u011b bezpe\u010dn\u00e9?","url":"https:\/\/www.adares.cz\/je-samonosne-schodiste-dostatecne-bezpecne\/","datePublished":"2021-03-19","dateModified":"2023-05-04","mainEntityOfPage":"https:\/\/www.adares.cz\/je-samonosne-schodiste-dostatecne-bezpecne\/","author":{"@type":"Person","@id":"https:\/\/www.adares.cz\/author\/#Person","name":"","url":"https:\/\/www.adares.cz\/author\/","identifier":1,"image":{"@type":"ImageObject","@id":"https:\/\/secure.gravatar.com\/avatar\/04053961f5a3d2af1f56d865c7fc774bb6a80b9754b2f4c57fa4f8cefa253bd4?s=96&d=mm&r=g","url":"https:\/\/secure.gravatar.com\/avatar\/04053961f5a3d2af1f56d865c7fc774bb6a80b9754b2f4c57fa4f8cefa253bd4?s=96&d=mm&r=g","height":96,"width":96}},"publisher":{"@type":"Organization","name":"adares.cz","logo":{"@type":"ImageObject","@id":"\/logo.png","url":"\/logo.png","width":600,"height":60}},"image":{"@type":"ImageObject","@id":"https:\/\/www.adares.cz\/wp-content\/uploads\/schodiste1_10_10_10_5.jpg","url":"https:\/\/www.adares.cz\/wp-content\/uploads\/schodiste1_10_10_10_5.jpg","height":0,"width":0},"keywords":null},{"@type":"Article","@id":"https:\/\/www.adares.cz\/nastroj-se-kterym-zlepsite-svou-kondici-i-postavu\/","headline":"N\u00e1stroj, se kter\u00fdm zlep\u0161\u00edte svou kondici i postavu","url":"https:\/\/www.adares.cz\/nastroj-se-kterym-zlepsite-svou-kondici-i-postavu\/","datePublished":"2021-02-17","dateModified":"2023-05-04","mainEntityOfPage":"https:\/\/www.adares.cz\/nastroj-se-kterym-zlepsite-svou-kondici-i-postavu\/","author":{"@type":"Person","@id":"https:\/\/www.adares.cz\/author\/#Person","name":"","url":"https:\/\/www.adares.cz\/author\/","identifier":1,"image":{"@type":"ImageObject","@id":"https:\/\/secure.gravatar.com\/avatar\/04053961f5a3d2af1f56d865c7fc774bb6a80b9754b2f4c57fa4f8cefa253bd4?s=96&d=mm&r=g","url":"https:\/\/secure.gravatar.com\/avatar\/04053961f5a3d2af1f56d865c7fc774bb6a80b9754b2f4c57fa4f8cefa253bd4?s=96&d=mm&r=g","height":96,"width":96}},"publisher":{"@type":"Organization","name":"adares.cz","logo":{"@type":"ImageObject","@id":"\/logo.png","url":"\/logo.png","width":600,"height":60}},"image":{"@type":"ImageObject","@id":"https:\/\/www.adares.cz\/wp-content\/uploads\/Venkovn%C3%AD%20trampol%C3%ADna_2.jpg","url":"https:\/\/www.adares.cz\/wp-content\/uploads\/Venkovn%C3%AD%20trampol%C3%ADna_2.jpg","height":0,"width":0},"keywords":null}]}