[{"@context":"https:\/\/schema.org\/","@type":"Article","@id":"https:\/\/www.adares.cz\/vzdy-pripraven\/#Article","mainEntityOfPage":"https:\/\/www.adares.cz\/vzdy-pripraven\/","headline":"V\u017edy p\u0159ipraven","name":"V\u017edy p\u0159ipraven","description":"U\u017e jako m\u00e1la jsem v\u017edycky snila jet na dovolenou k mo\u0159i. Jako ka\u017ed\u00e9 d\u00edt\u011b. Vid\u011bt tu kr\u00e1snou modrou hladinu, p\u00edse\u010dn\u00e9 pl\u00e1\u017ee. T\u011b\u0161ila se na sb\u00edr\u00e1n\u00ed","datePublished":"2022-03-22","dateModified":"2023-05-04","author":{"@type":"Person","@id":"https:\/\/www.adares.cz\/author\/#Person","name":"","url":"https:\/\/www.adares.cz\/author\/","identifier":1,"image":{"@type":"ImageObject","@id":"https:\/\/secure.gravatar.com\/avatar\/04053961f5a3d2af1f56d865c7fc774bb6a80b9754b2f4c57fa4f8cefa253bd4?s=96&d=mm&r=g","url":"https:\/\/secure.gravatar.com\/avatar\/04053961f5a3d2af1f56d865c7fc774bb6a80b9754b2f4c57fa4f8cefa253bd4?s=96&d=mm&r=g","height":96,"width":96}},"publisher":{"@type":"Organization","name":"adares.cz","logo":{"@type":"ImageObject","@id":"\/logo.png","url":"\/logo.png","width":600,"height":60}},"image":{"@type":"ImageObject","@id":"https:\/\/www.adares.cz\/wp-content\/uploads\/mo%C5%99e_900x490.jpg","url":"https:\/\/www.adares.cz\/wp-content\/uploads\/mo%C5%99e_900x490.jpg","height":0,"width":0},"url":"https:\/\/www.adares.cz\/vzdy-pripraven\/","about":["Dovolen\u00e1"],"wordCount":513,"articleBody":"U\u017e jako m\u00e1la jsem v\u017edycky snila jet na dovolenou k mo\u0159i. Jako ka\u017ed\u00e9 d\u00edt\u011b. Vid\u011bt tu kr\u00e1snou modrou hladinu, p\u00edse\u010dn\u00e9 pl\u00e1\u017ee. T\u011b\u0161ila se na sb\u00edr\u00e1n\u00ed mu\u0161l\u00ed a stav\u011bn\u00ed hradu z p\u00edsku. Ale bohu\u017eel to nikdy nevy\u0161lo. Jeliko\u017e moji rodi\u010de byli pracovn\u011b vyt\u00ed\u017een\u00ed a v t\u00e9 dob\u011b byli p\u0159edn\u011bj\u0161\u00ed jin\u00e9 finan\u010dn\u00ed v\u00fddeje, ale v\u017edycky jsme na n\u011bjakou dovolenou jeli, t\u0159eba po \u010cesku nebo Slovensku. A jak \u010das plynul, tak jsem dosp\u011bla a u\u017e m\u00e1m sv\u00e9 d\u011bti a budeme se chystat na dovolenou k mo\u0159i.\u00a0Jako m\u00e1ma dvou d\u011bt\u00ed, je pro m\u011b prioritou jejich bezpe\u010d\u00ed a tak u\u017e dlouho p\u0159em\u00fd\u0161l\u00edm co v\u0161e mus\u00edm p\u0159ichystat do na\u0161i cestovn\u00ed l\u00e9k\u00e1rni\u010dky. Je mi jasn\u00e9, \u017ee i spousty v\u011bc\u00ed m\u016f\u017eu koupit na m\u00edst\u011b, proto\u017ee tam budou dostupn\u00e9 l\u00e9k\u00e1rny, ale p\u0159eci jen se m\u016f\u017ee st\u00e1t, \u017ee nebudou m\u00edt pot\u0159ebn\u00e9 v\u011bci, kter\u00e9 n\u00e1m budou vyhovovat, tak chci b\u00fdt p\u0159ipraven\u00e1. M\u00e1m napsan\u00fd takov\u00fd kr\u00e1tk\u00fd, stru\u010dn\u00fd seznam na co v\u0161echno nesm\u00edm zapomenout a hlavn\u011b co je d\u016fle\u017eit\u00e9.\u00a0Prvn\u00ed v\u011bc, kterou m\u00e1m zapsanou je ur\u010dit\u011b d\u011btsk\u00fd opalovac\u00ed kr\u00e9m, ale ten m\u00e1m i ve variant\u011b pro dosp\u011bl\u00e9, aby jsme se ochr\u00e1nili p\u0159ed \u017ehav\u00edm slun\u00ed\u010dkem. Potom i kr\u00e9m na sp\u00e1leniny. D\u00e1le m\u00e1m nachystan\u00e9 n\u011bjak\u00e9 steriln\u00ed obvazy a n\u00e1plasti na bol\u00edstky. Nejd\u016fle\u017eit\u011bj\u0161\u00ed l\u00e9ky, kter\u00e9 u\u017e\u00edv\u00e1me a bez kter\u00fdch by jsme se neobe\u0161li. Co u m\u011b nesm\u00ed chyb\u011bt je Hemagel. Pro m\u011b \u00fa\u017easn\u00e1 v\u011bc, kter\u00e1 je snad na v\u0161echno od sp\u00e1len\u00ed po ty nejb\u011b\u017en\u011bj\u0161\u00ed r\u00e1ny, ten nos\u00edm d\u00e1 se \u0159\u00edct neust\u00e1le u sebe. Pak pro jistotu i n\u011bjak\u00e9 l\u00e9ky na alergii, pr\u016fjem a r\u016fzn\u00e9 ne\u017e\u00e1douc\u00ed v\u00fdkyvy. Kdo je p\u0159ipraven, nen\u00ed p\u0159ekvapen. M\u00e1m jen ty nejd\u016fle\u017eit\u011bj\u0161\u00ed v\u011bci, kter\u00e9 pova\u017euji za spr\u00e1vn\u00e9 a bez kter\u00fdch by jsme se neobe\u0161li. Tak\u017ee opravdu z\u00e1le\u017e\u00ed na v\u00e1s co si v\u0161e sebou p\u0159ibal\u00edte. My to m\u00e1me jen takovou prevenci, kdyby n\u00e1hodu. A spousta z v\u00e1s ur\u010dit\u011b najde je\u0161t\u011b dal\u0161\u00ed v\u011bci, kter\u00e9 budete sebou k mo\u0159i br\u00e1t.\u00a0V\u0161e podstatn\u00e9 m\u00e1m nachystan\u00e9 a zbytek si pop\u0159\u00edpad\u011b po\u0159\u00edd\u00edme ve zdej\u0161\u00edch l\u00e9k\u00e1rn\u00e1ch, ale budu v\u011b\u0159it, \u017ee tahle situace nenastane a my si tak dovolenou budeme naplno u\u017e\u00edvat. A jak se na dovolenou chyst\u00e1te vy? M\u00e1te n\u011bjakou cestovn\u00ed l\u00e9k\u00e1rni\u010dku, nebo sebou nic nevoz\u00edte? Jen d\u016fle\u017eit\u00e9 l\u00e9ky a zbytek si kdy\u017e tak po\u0159\u00edd\u00edte na m\u00edst\u011b ?\u00a0                                                                                                                                                                                                                                                                                                                                                                                                "},{"@context":"https:\/\/schema.org\/","@type":"BreadcrumbList","itemListElement":[{"@type":"ListItem","position":1,"name":"V\u017edy p\u0159ipraven","item":"https:\/\/www.adares.cz\/vzdy-pripraven\/#breadcrumbitem"}]}]