[{"@context":"https:\/\/schema.org\/","@type":"Article","@id":"https:\/\/www.adares.cz\/ziskejte-ty-nejkouzelnejsi-svatebni-saty-navic-za-velice-nizkou-cenu\/#Article","mainEntityOfPage":"https:\/\/www.adares.cz\/ziskejte-ty-nejkouzelnejsi-svatebni-saty-navic-za-velice-nizkou-cenu\/","headline":"Z\u00edskejte ty nejkouzeln\u011bj\u0161\u00ed svatebn\u00ed \u0161aty nav\u00edc za velice n\u00edzkou cenu","name":"Z\u00edskejte ty nejkouzeln\u011bj\u0161\u00ed svatebn\u00ed \u0161aty nav\u00edc za velice n\u00edzkou cenu","description":"Pr\u00e1v\u011b pot\u0159ebujete naj\u00edt centrum, kter\u00e9 by v\u00e1m dok\u00e1zalo poskytnout takov\u00e9 slu\u017eby, kter\u00e9 zaru\u010den\u011b vyu\u017eijete pro napl\u00e1nov\u00e1n\u00ed sv\u00e9ho svatebn\u00edho dnu? Obra\u0165te se proto je\u0161t\u011b dnes na","datePublished":"2023-06-13","dateModified":"2024-06-17","author":{"@type":"Person","@id":"https:\/\/www.adares.cz\/author\/#Person","name":"","url":"https:\/\/www.adares.cz\/author\/","identifier":1,"image":{"@type":"ImageObject","@id":"https:\/\/secure.gravatar.com\/avatar\/04053961f5a3d2af1f56d865c7fc774bb6a80b9754b2f4c57fa4f8cefa253bd4?s=96&d=mm&r=g","url":"https:\/\/secure.gravatar.com\/avatar\/04053961f5a3d2af1f56d865c7fc774bb6a80b9754b2f4c57fa4f8cefa253bd4?s=96&d=mm&r=g","height":96,"width":96}},"publisher":{"@type":"Organization","name":"adares.cz","logo":{"@type":"ImageObject","@id":"\/logo.png","url":"\/logo.png","width":600,"height":60}},"url":"https:\/\/www.adares.cz\/ziskejte-ty-nejkouzelnejsi-svatebni-saty-navic-za-velice-nizkou-cenu\/","wordCount":222,"articleBody":"Pr\u00e1v\u011b pot\u0159ebujete naj\u00edt centrum, kter\u00e9 by v\u00e1m dok\u00e1zalo poskytnout takov\u00e9 slu\u017eby, kter\u00e9 zaru\u010den\u011b vyu\u017eijete pro napl\u00e1nov\u00e1n\u00ed sv\u00e9ho svatebn\u00edho dnu? Obra\u0165te se proto je\u0161t\u011b dnes na profesion\u00e1ln\u00ed svatebn\u00ed centrum Adina, kter\u00e9 v\u00e1m p\u0159in\u00e1\u0161\u00ed tu nej\u0161ir\u0161\u00ed \u0161k\u00e1lu slu\u017eeb, ze kter\u00fdch si m\u016f\u017eete vybrat p\u0159esn\u011b tu, kterou pot\u0159ebujete pro sv\u016fj svatebn\u00ed den vyu\u017e\u00edt. Hlavn\u011b si v tomto svatebn\u00edm centru m\u016f\u017eete vybrat ty nejkr\u00e1sn\u011bj\u0161\u00ed \u0161aty, a to jak \u0161aty pro nev\u011bstu, tak i \u0161aty pro dru\u017ei\u010dky\u010di obleky pro ml\u00e1dence a \u017eenichy.Zap\u016fj\u010den\u00ed svatebn\u00edch \u0161at\u016f a oblek\u016f za ty nejni\u017e\u0161\u00ed ceny je tuVyu\u017eijte i vy speci\u00e1ln\u00ed nab\u00eddky tohoto svatebn\u00edho centra Adina, kter\u00e9 v\u00e1m p\u0159in\u00e1\u0161\u00ed ten nejv\u011bt\u0161\u00ed v\u00fdb\u011br svatebn\u00edch \u0161at\u016f, ale i dal\u0161\u00edch dopl\u0148k\u016f, kter\u00e9 si m\u016f\u017eete zap\u016fj\u010dit za opravdu n\u00edzkou a bezkonkuren\u010dn\u00ed cenu. V nab\u00eddce naleznete i dal\u0161\u00ed svatebn\u00ed dopl\u0148ky, do kter\u00fdch pat\u0159\u00ed nap\u0159\u00edklad z\u00e1voje, bolerka, obuv, kabelky, ale i obleky pro ml\u00e1dence a \u0161aty pro dru\u017ei\u010dky. Proto nev\u00e1hejte, a vyu\u017eijte nab\u00eddky tohoto profesion\u00e1ln\u00edho centra je\u0161t\u011b dnes.                                                                                                                                                                                                                                                                                                                                                                                                "},{"@context":"https:\/\/schema.org\/","@type":"BreadcrumbList","itemListElement":[{"@type":"ListItem","position":1,"name":"Z\u00edskejte ty nejkouzeln\u011bj\u0161\u00ed svatebn\u00ed \u0161aty nav\u00edc za velice n\u00edzkou cenu","item":"https:\/\/www.adares.cz\/ziskejte-ty-nejkouzelnejsi-svatebni-saty-navic-za-velice-nizkou-cenu\/#breadcrumbitem"}]}]